{"id":79576,"date":"2025-03-08T08:15:00","date_gmt":"2025-03-08T07:15:00","guid":{"rendered":"https:\/\/www.codeur.com\/blog\/?p=79576"},"modified":"2025-08-22T16:16:25","modified_gmt":"2025-08-22T14:16:25","slug":"taille-images-instagram","status":"publish","type":"post","link":"https:\/\/www.codeur.com\/blog\/taille-images-instagram\/","title":{"rendered":"Taille des images sur Instagram &#8211; Guide 2025"},"content":{"rendered":"\n<p>Instagram est encore aujourd&#8217;hui l&#8217;une des plateformes les plus dynamiques et importantes dans le paysage des r\u00e9seaux sociaux. De nombreuses entreprises communiquent activement sur Instagram et en font leur premier moyen de communication. <\/p>\n\n\n\n<p>Mais si un bon contenu est accompagn\u00e9 d&#8217;une photo mal dimensionn\u00e9e, le post peut passer \u00e0 la trappe. Dans cet article, nous vous accompagnons pour choisir le meilleur format d&#8217;image pour vos posts Instagram, photos de profil ou stories.<\/p>\n\n\n\n<h2 class=\"wp-block-heading\">Les diff\u00e9rents formats d&#8217;images sur Instagram<\/h2>\n\n\n\n<h3 class=\"wp-block-heading\">Taille de la photo de profil Instagram<\/h3>\n\n\n\n<p>La taille minimale pour votre avatar sur Instagram est de 150&#215;150 pixels. N\u00e9anmoins, pour un meilleur rendu, il est pr\u00e9f\u00e9rable de choisir un format de 320&#215;320 pixels.<\/p>\n\n\n\n<p>Il est important de choisir une image assez grande pour votre avatar, car elle appara\u00eetra sous une forme circulaire. Assurez-vous donc que les \u00e9l\u00e9ments cl\u00e9s de votre image soient bien positionn\u00e9s au centre pour \u00e9viter toute coupure.<\/p>\n\n\n\n<figure class=\"wp-block-image size-large\"><img decoding=\"async\" width=\"1024\" height=\"1024\" src=\"https:\/\/www.codeur.com\/blog\/wp-content\/uploads\/2024\/03\/template-format-rs-profil-insta-1024x1024.png\" alt=\"taille photo de profil instagram\" class=\"wp-image-79581\" srcset=\"https:\/\/www.codeur.com\/blog\/wp-content\/uploads\/2024\/03\/template-format-rs-profil-insta-1024x1024.png 1024w, https:\/\/www.codeur.com\/blog\/wp-content\/uploads\/2024\/03\/template-format-rs-profil-insta-300x300.png 300w, https:\/\/www.codeur.com\/blog\/wp-content\/uploads\/2024\/03\/template-format-rs-profil-insta-150x150.png 150w, https:\/\/www.codeur.com\/blog\/wp-content\/uploads\/2024\/03\/template-format-rs-profil-insta-768x768.png 768w, https:\/\/www.codeur.com\/blog\/wp-content\/uploads\/2024\/03\/template-format-rs-profil-insta-60x60.png 60w, https:\/\/www.codeur.com\/blog\/wp-content\/uploads\/2024\/03\/template-format-rs-profil-insta-370x370.png 370w, https:\/\/www.codeur.com\/blog\/wp-content\/uploads\/2024\/03\/template-format-rs-profil-insta-270x270.png 270w, https:\/\/www.codeur.com\/blog\/wp-content\/uploads\/2024\/03\/template-format-rs-profil-insta-570x570.png 570w, https:\/\/www.codeur.com\/blog\/wp-content\/uploads\/2024\/03\/template-format-rs-profil-insta-740x740.png 740w, https:\/\/www.codeur.com\/blog\/wp-content\/uploads\/2024\/03\/template-format-rs-profil-insta.png 1080w\" sizes=\"(max-width: 1024px) 100vw, 1024px\" \/><\/figure>\n\n\n\n<h3 class=\"wp-block-heading\">Taille des photos du feed Instagram<\/h3>\n\n\n\n<p>Instagram sugg\u00e8re une largeur de 1080 pixels pour les images publi\u00e9es dans le feed. La hauteur peut varier en fonction du format choisi&nbsp;: carr\u00e9, portrait ou paysage avec une taille recommand\u00e9e entre 566 et 1350 pixels.<\/p>\n\n\n\n<figure class=\"wp-block-image size-large\"><img decoding=\"async\" width=\"1024\" height=\"1024\" src=\"https:\/\/www.codeur.com\/blog\/wp-content\/uploads\/2024\/03\/template-format-rs-insta-feed-1024x1024.png\" alt=\"taille photo feed instagram\" class=\"wp-image-79580\" srcset=\"https:\/\/www.codeur.com\/blog\/wp-content\/uploads\/2024\/03\/template-format-rs-insta-feed-1024x1024.png 1024w, https:\/\/www.codeur.com\/blog\/wp-content\/uploads\/2024\/03\/template-format-rs-insta-feed-300x300.png 300w, https:\/\/www.codeur.com\/blog\/wp-content\/uploads\/2024\/03\/template-format-rs-insta-feed-150x150.png 150w, https:\/\/www.codeur.com\/blog\/wp-content\/uploads\/2024\/03\/template-format-rs-insta-feed-768x768.png 768w, https:\/\/www.codeur.com\/blog\/wp-content\/uploads\/2024\/03\/template-format-rs-insta-feed-60x60.png 60w, https:\/\/www.codeur.com\/blog\/wp-content\/uploads\/2024\/03\/template-format-rs-insta-feed-370x370.png 370w, https:\/\/www.codeur.com\/blog\/wp-content\/uploads\/2024\/03\/template-format-rs-insta-feed-270x270.png 270w, https:\/\/www.codeur.com\/blog\/wp-content\/uploads\/2024\/03\/template-format-rs-insta-feed-570x570.png 570w, https:\/\/www.codeur.com\/blog\/wp-content\/uploads\/2024\/03\/template-format-rs-insta-feed-740x740.png 740w, https:\/\/www.codeur.com\/blog\/wp-content\/uploads\/2024\/03\/template-format-rs-insta-feed.png 1080w\" sizes=\"(max-width: 1024px) 100vw, 1024px\" \/><\/figure>\n\n\n\n<h3 class=\"wp-block-heading\">Taille des photos des stories Instagram<\/h3>\n\n\n\n<p>Le format id\u00e9al pour les Stories Instagram est de 1080&#215;1920 pixels, que ce soit pour les Stories ordinaires ou les Stories sponsoris\u00e9es. Pour les Stories en vedette, vous avez la possibilit\u00e9 d&#8217;ajouter des vignettes d&#8217;illustration. <\/p>\n\n\n\n<p>Bien qu&#8217;il soit recommand\u00e9 d&#8217;importer ces derni\u00e8res aux dimensions de 1080&#215;1080 pixels, elles seront ajust\u00e9es au format de 161&#215;161 pixels.<\/p>\n\n\n\n<figure class=\"wp-block-image size-large\"><img decoding=\"async\" width=\"1024\" height=\"1024\" src=\"https:\/\/www.codeur.com\/blog\/wp-content\/uploads\/2024\/03\/template-format-rs-insta-story-1024x1024.png\" alt=\"taille photo story instagram\" class=\"wp-image-79579\" srcset=\"https:\/\/www.codeur.com\/blog\/wp-content\/uploads\/2024\/03\/template-format-rs-insta-story-1024x1024.png 1024w, https:\/\/www.codeur.com\/blog\/wp-content\/uploads\/2024\/03\/template-format-rs-insta-story-300x300.png 300w, https:\/\/www.codeur.com\/blog\/wp-content\/uploads\/2024\/03\/template-format-rs-insta-story-150x150.png 150w, https:\/\/www.codeur.com\/blog\/wp-content\/uploads\/2024\/03\/template-format-rs-insta-story-768x768.png 768w, https:\/\/www.codeur.com\/blog\/wp-content\/uploads\/2024\/03\/template-format-rs-insta-story-60x60.png 60w, https:\/\/www.codeur.com\/blog\/wp-content\/uploads\/2024\/03\/template-format-rs-insta-story-370x370.png 370w, https:\/\/www.codeur.com\/blog\/wp-content\/uploads\/2024\/03\/template-format-rs-insta-story-270x270.png 270w, https:\/\/www.codeur.com\/blog\/wp-content\/uploads\/2024\/03\/template-format-rs-insta-story-570x570.png 570w, https:\/\/www.codeur.com\/blog\/wp-content\/uploads\/2024\/03\/template-format-rs-insta-story-740x740.png 740w, https:\/\/www.codeur.com\/blog\/wp-content\/uploads\/2024\/03\/template-format-rs-insta-story.png 1080w\" sizes=\"(max-width: 1024px) 100vw, 1024px\" \/><\/figure>\n\n\n\n<h2 class=\"wp-block-heading\">Le guide des tailles en infographies<\/h2>\n\n\n<div class=\"wp-block-image\">\n<figure class=\"aligncenter size-large\"><img decoding=\"async\" width=\"365\" height=\"1024\" src=\"https:\/\/www.codeur.com\/blog\/wp-content\/uploads\/2024\/03\/template-format-rs-infographie-insta-365x1024.png\" alt=\"taille image instagram\" class=\"wp-image-79578\" srcset=\"https:\/\/www.codeur.com\/blog\/wp-content\/uploads\/2024\/03\/template-format-rs-infographie-insta-365x1024.png 365w, https:\/\/www.codeur.com\/blog\/wp-content\/uploads\/2024\/03\/template-format-rs-infographie-insta-107x300.png 107w, https:\/\/www.codeur.com\/blog\/wp-content\/uploads\/2024\/03\/template-format-rs-infographie-insta-768x2157.png 768w, https:\/\/www.codeur.com\/blog\/wp-content\/uploads\/2024\/03\/template-format-rs-infographie-insta-547x1536.png 547w, https:\/\/www.codeur.com\/blog\/wp-content\/uploads\/2024\/03\/template-format-rs-infographie-insta-729x2048.png 729w, https:\/\/www.codeur.com\/blog\/wp-content\/uploads\/2024\/03\/template-format-rs-infographie-insta-21x60.png 21w, https:\/\/www.codeur.com\/blog\/wp-content\/uploads\/2024\/03\/template-format-rs-infographie-insta-370x1039.png 370w, https:\/\/www.codeur.com\/blog\/wp-content\/uploads\/2024\/03\/template-format-rs-infographie-insta-270x758.png 270w, https:\/\/www.codeur.com\/blog\/wp-content\/uploads\/2024\/03\/template-format-rs-infographie-insta-570x1601.png 570w, https:\/\/www.codeur.com\/blog\/wp-content\/uploads\/2024\/03\/template-format-rs-infographie-insta-740x2078.png 740w, https:\/\/www.codeur.com\/blog\/wp-content\/uploads\/2024\/03\/template-format-rs-infographie-insta.png 1080w\" sizes=\"(max-width: 365px) 100vw, 365px\" \/><\/figure><\/div>\n\n\n<h2 class=\"wp-block-heading\">Mettez vos images \u00e0 la bonne taille sur Instagram<\/h2>\n\n\n\n<p>La compr\u00e9hension et l\u2019utilisation des bonnes dimensions des images sont essentielles pour maximiser l\u2019impact visuel et l\u2019engagement sur Instagram. <\/p>\n\n\n\n<p>C\u2019est un \u00e9l\u00e9ment qui peut sembler technique, mais qui fait toute la diff\u00e9rence dans la mani\u00e8re dont votre contenu est per\u00e7u par votre public. Retrouvez aussi toutes les&nbsp;<a href=\"https:\/\/www.codeur.com\/blog\/formats-video-reseaux-sociaux\/\">dimensions pour vos vid\u00e9os sur les r\u00e9seaux sociaux.<\/a><\/p>\n","protected":false},"excerpt":{"rendered":"<p>Instagram est encore aujourd&#8217;hui l&#8217;une des plateformes les plus dynamiques et importantes dans le paysage des r\u00e9seaux sociaux. De nombreuses entreprises communiquent activement sur Instagram et en font leur premier moyen de communication. Mais si un bon contenu est accompagn\u00e9 d&#8217;une photo mal dimensionn\u00e9e, le post peut passer \u00e0 la trappe. Dans cet article, nous [&hellip;]<\/p>\n","protected":false},"author":67,"featured_media":96269,"comment_status":"closed","ping_status":"closed","sticky":false,"template":"","format":"standard","meta":{"_acf_changed":false,"inline_featured_image":false,"footnotes":""},"categories":[1,151],"tags":[79],"class_list":["post-79576","post","type-post","status-publish","format-standard","has-post-thumbnail","hentry","category-conseils","category-instagram","tag-ressources"],"acf":[],"yoast_head":"<!-- This site is optimized with the Yoast SEO plugin v25.9 - https:\/\/yoast.com\/wordpress\/plugins\/seo\/ -->\n<title>Guide des tailles d&#039;images pour Instagram - 2025<\/title>\n<meta name=\"description\" content=\"Utilisez les bonnes tailles d&#039;images pour Instagram. Taille de photo de profil, taille des images pour les stories, taille de vos Reels.\" \/>\n<meta name=\"robots\" content=\"index, follow, max-snippet:-1, max-image-preview:large, max-video-preview:-1\" \/>\n<link rel=\"canonical\" href=\"https:\/\/www.codeur.com\/blog\/taille-images-instagram\/\" \/>\n<meta property=\"og:locale\" content=\"fr_FR\" \/>\n<meta property=\"og:type\" content=\"article\" \/>\n<meta property=\"og:title\" content=\"Guide des tailles d&#039;images pour Instagram - 2025\" \/>\n<meta property=\"og:description\" content=\"Utilisez les bonnes tailles d&#039;images pour Instagram. Taille de photo de profil, taille des images pour les stories, taille de vos Reels.\" \/>\n<meta property=\"og:url\" content=\"https:\/\/www.codeur.com\/blog\/taille-images-instagram\/\" \/>\n<meta property=\"og:site_name\" content=\"Codeur.com\" \/>\n<meta property=\"article:publisher\" content=\"https:\/\/fr-fr.facebook.com\/codeurfreelance\/\" \/>\n<meta property=\"article:published_time\" content=\"2025-03-08T07:15:00+00:00\" \/>\n<meta property=\"article:modified_time\" content=\"2025-08-22T14:16:25+00:00\" \/>\n<meta property=\"og:image\" content=\"https:\/\/www.codeur.com\/blog\/wp-content\/uploads\/2024\/03\/taille-images-instagram.jpg\" \/>\n\t<meta property=\"og:image:width\" content=\"1200\" \/>\n\t<meta property=\"og:image:height\" content=\"675\" \/>\n\t<meta property=\"og:image:type\" content=\"image\/jpeg\" \/>\n<meta name=\"author\" content=\"Aude Marty\" \/>\n<meta name=\"twitter:card\" content=\"summary_large_image\" \/>\n<meta name=\"twitter:creator\" content=\"@codeur\" \/>\n<meta name=\"twitter:site\" content=\"@codeur\" \/>\n<meta name=\"twitter:label1\" content=\"\u00c9crit par\" \/>\n\t<meta name=\"twitter:data1\" content=\"Aude Marty\" \/>\n\t<meta name=\"twitter:label2\" content=\"Dur\u00e9e de lecture estim\u00e9e\" \/>\n\t<meta name=\"twitter:data2\" content=\"3 minutes\" \/>\n<script type=\"application\/ld+json\" class=\"yoast-schema-graph\">{\"@context\":\"https:\/\/schema.org\",\"@graph\":[{\"@type\":\"Article\",\"@id\":\"https:\/\/www.codeur.com\/blog\/taille-images-instagram\/#article\",\"isPartOf\":{\"@id\":\"https:\/\/www.codeur.com\/blog\/taille-images-instagram\/\"},\"author\":{\"name\":\"Aude Marty\",\"@id\":\"https:\/\/www.codeur.com\/blog\/#\/schema\/person\/110c0feb0ab60432e89d27f5fa2da617\"},\"headline\":\"Taille des images sur Instagram &#8211; Guide 2025\",\"datePublished\":\"2025-03-08T07:15:00+00:00\",\"dateModified\":\"2025-08-22T14:16:25+00:00\",\"mainEntityOfPage\":{\"@id\":\"https:\/\/www.codeur.com\/blog\/taille-images-instagram\/\"},\"wordCount\":362,\"publisher\":{\"@id\":\"https:\/\/www.codeur.com\/blog\/#organization\"},\"image\":{\"@id\":\"https:\/\/www.codeur.com\/blog\/taille-images-instagram\/#primaryimage\"},\"thumbnailUrl\":\"https:\/\/www.codeur.com\/blog\/wp-content\/uploads\/2024\/03\/taille-images-instagram.jpg\",\"keywords\":[\"Ressources\"],\"articleSection\":[\"Conseils\",\"Instagram\"],\"inLanguage\":\"fr-FR\"},{\"@type\":\"WebPage\",\"@id\":\"https:\/\/www.codeur.com\/blog\/taille-images-instagram\/\",\"url\":\"https:\/\/www.codeur.com\/blog\/taille-images-instagram\/\",\"name\":\"Guide des tailles d'images pour Instagram - 2025\",\"isPartOf\":{\"@id\":\"https:\/\/www.codeur.com\/blog\/#website\"},\"primaryImageOfPage\":{\"@id\":\"https:\/\/www.codeur.com\/blog\/taille-images-instagram\/#primaryimage\"},\"image\":{\"@id\":\"https:\/\/www.codeur.com\/blog\/taille-images-instagram\/#primaryimage\"},\"thumbnailUrl\":\"https:\/\/www.codeur.com\/blog\/wp-content\/uploads\/2024\/03\/taille-images-instagram.jpg\",\"datePublished\":\"2025-03-08T07:15:00+00:00\",\"dateModified\":\"2025-08-22T14:16:25+00:00\",\"description\":\"Utilisez les bonnes tailles d'images pour Instagram. Taille de photo de profil, taille des images pour les stories, taille de vos Reels.\",\"breadcrumb\":{\"@id\":\"https:\/\/www.codeur.com\/blog\/taille-images-instagram\/#breadcrumb\"},\"inLanguage\":\"fr-FR\",\"potentialAction\":[{\"@type\":\"ReadAction\",\"target\":[\"https:\/\/www.codeur.com\/blog\/taille-images-instagram\/\"]}]},{\"@type\":\"ImageObject\",\"inLanguage\":\"fr-FR\",\"@id\":\"https:\/\/www.codeur.com\/blog\/taille-images-instagram\/#primaryimage\",\"url\":\"https:\/\/www.codeur.com\/blog\/wp-content\/uploads\/2024\/03\/taille-images-instagram.jpg\",\"contentUrl\":\"https:\/\/www.codeur.com\/blog\/wp-content\/uploads\/2024\/03\/taille-images-instagram.jpg\",\"width\":1200,\"height\":675,\"caption\":\"taille images instagram\"},{\"@type\":\"BreadcrumbList\",\"@id\":\"https:\/\/www.codeur.com\/blog\/taille-images-instagram\/#breadcrumb\",\"itemListElement\":[{\"@type\":\"ListItem\",\"position\":1,\"name\":\"Blog\",\"item\":\"https:\/\/www.codeur.com\/blog\/\"},{\"@type\":\"ListItem\",\"position\":2,\"name\":\"Marketing\",\"item\":\"https:\/\/www.codeur.com\/blog\/marketing-digital\/\"},{\"@type\":\"ListItem\",\"position\":3,\"name\":\"Conseils\",\"item\":\"https:\/\/www.codeur.com\/blog\/marketing-digital\/conseils\/\"},{\"@type\":\"ListItem\",\"position\":4,\"name\":\"Taille des images sur Instagram &#8211; Guide 2025\"}]},{\"@type\":\"WebSite\",\"@id\":\"https:\/\/www.codeur.com\/blog\/#website\",\"url\":\"https:\/\/www.codeur.com\/blog\/\",\"name\":\"Codeur.com\",\"description\":\"codeur\",\"publisher\":{\"@id\":\"https:\/\/www.codeur.com\/blog\/#organization\"},\"potentialAction\":[{\"@type\":\"SearchAction\",\"target\":{\"@type\":\"EntryPoint\",\"urlTemplate\":\"https:\/\/www.codeur.com\/blog\/?s={search_term_string}\"},\"query-input\":{\"@type\":\"PropertyValueSpecification\",\"valueRequired\":true,\"valueName\":\"search_term_string\"}}],\"inLanguage\":\"fr-FR\"},{\"@type\":\"Organization\",\"@id\":\"https:\/\/www.codeur.com\/blog\/#organization\",\"name\":\"Codeur.com\",\"url\":\"https:\/\/www.codeur.com\/blog\/\",\"logo\":{\"@type\":\"ImageObject\",\"inLanguage\":\"fr-FR\",\"@id\":\"https:\/\/www.codeur.com\/blog\/#\/schema\/logo\/image\/\",\"url\":\"https:\/\/www.codeur.com\/blog\/wp-content\/uploads\/2022\/04\/logo-codeur-com.png\",\"contentUrl\":\"https:\/\/www.codeur.com\/blog\/wp-content\/uploads\/2022\/04\/logo-codeur-com.png\",\"width\":2560,\"height\":465,\"caption\":\"Codeur.com\"},\"image\":{\"@id\":\"https:\/\/www.codeur.com\/blog\/#\/schema\/logo\/image\/\"},\"sameAs\":[\"https:\/\/fr-fr.facebook.com\/codeurfreelance\/\",\"https:\/\/x.com\/codeur\",\"https:\/\/www.linkedin.com\/company\/codeur\/\",\"https:\/\/www.youtube.com\/channel\/UCgj9ySM9xy3gdL8qBafl9Uw\"]},{\"@type\":\"Person\",\"@id\":\"https:\/\/www.codeur.com\/blog\/#\/schema\/person\/110c0feb0ab60432e89d27f5fa2da617\",\"name\":\"Aude Marty\",\"image\":{\"@type\":\"ImageObject\",\"inLanguage\":\"fr-FR\",\"@id\":\"https:\/\/www.codeur.com\/blog\/#\/schema\/person\/image\/\",\"url\":\"https:\/\/secure.gravatar.com\/avatar\/ae918d51b377a3b9585cfdc38b3d7078fa61c40e14449af59264a7b44e51f153?s=96&d=mm&r=g\",\"contentUrl\":\"https:\/\/secure.gravatar.com\/avatar\/ae918d51b377a3b9585cfdc38b3d7078fa61c40e14449af59264a7b44e51f153?s=96&d=mm&r=g\",\"caption\":\"Aude Marty\"},\"description\":\"V\u00e9ritable touche-\u00e0-tout du web, Aude est toujours au courant des derni\u00e8res nouveaut\u00e9s et des nouveaux outils pour freelances.\",\"sameAs\":[\"https:\/\/www.linkedin.com\/in\/martyaude\/\"],\"url\":\"https:\/\/www.codeur.com\/blog\/author\/aude\/\"}]}<\/script>\n<!-- \/ Yoast SEO plugin. -->","yoast_head_json":{"title":"Guide des tailles d'images pour Instagram - 2025","description":"Utilisez les bonnes tailles d'images pour Instagram. Taille de photo de profil, taille des images pour les stories, taille de vos Reels.","robots":{"index":"index","follow":"follow","max-snippet":"max-snippet:-1","max-image-preview":"max-image-preview:large","max-video-preview":"max-video-preview:-1"},"canonical":"https:\/\/www.codeur.com\/blog\/taille-images-instagram\/","og_locale":"fr_FR","og_type":"article","og_title":"Guide des tailles d'images pour Instagram - 2025","og_description":"Utilisez les bonnes tailles d'images pour Instagram. Taille de photo de profil, taille des images pour les stories, taille de vos Reels.","og_url":"https:\/\/www.codeur.com\/blog\/taille-images-instagram\/","og_site_name":"Codeur.com","article_publisher":"https:\/\/fr-fr.facebook.com\/codeurfreelance\/","article_published_time":"2025-03-08T07:15:00+00:00","article_modified_time":"2025-08-22T14:16:25+00:00","og_image":[{"width":1200,"height":675,"url":"https:\/\/www.codeur.com\/blog\/wp-content\/uploads\/2024\/03\/taille-images-instagram.jpg","type":"image\/jpeg"}],"author":"Aude Marty","twitter_card":"summary_large_image","twitter_creator":"@codeur","twitter_site":"@codeur","twitter_misc":{"\u00c9crit par":"Aude Marty","Dur\u00e9e de lecture estim\u00e9e":"3 minutes"},"schema":{"@context":"https:\/\/schema.org","@graph":[{"@type":"Article","@id":"https:\/\/www.codeur.com\/blog\/taille-images-instagram\/#article","isPartOf":{"@id":"https:\/\/www.codeur.com\/blog\/taille-images-instagram\/"},"author":{"name":"Aude Marty","@id":"https:\/\/www.codeur.com\/blog\/#\/schema\/person\/110c0feb0ab60432e89d27f5fa2da617"},"headline":"Taille des images sur Instagram &#8211; Guide 2025","datePublished":"2025-03-08T07:15:00+00:00","dateModified":"2025-08-22T14:16:25+00:00","mainEntityOfPage":{"@id":"https:\/\/www.codeur.com\/blog\/taille-images-instagram\/"},"wordCount":362,"publisher":{"@id":"https:\/\/www.codeur.com\/blog\/#organization"},"image":{"@id":"https:\/\/www.codeur.com\/blog\/taille-images-instagram\/#primaryimage"},"thumbnailUrl":"https:\/\/www.codeur.com\/blog\/wp-content\/uploads\/2024\/03\/taille-images-instagram.jpg","keywords":["Ressources"],"articleSection":["Conseils","Instagram"],"inLanguage":"fr-FR"},{"@type":"WebPage","@id":"https:\/\/www.codeur.com\/blog\/taille-images-instagram\/","url":"https:\/\/www.codeur.com\/blog\/taille-images-instagram\/","name":"Guide des tailles d'images pour Instagram - 2025","isPartOf":{"@id":"https:\/\/www.codeur.com\/blog\/#website"},"primaryImageOfPage":{"@id":"https:\/\/www.codeur.com\/blog\/taille-images-instagram\/#primaryimage"},"image":{"@id":"https:\/\/www.codeur.com\/blog\/taille-images-instagram\/#primaryimage"},"thumbnailUrl":"https:\/\/www.codeur.com\/blog\/wp-content\/uploads\/2024\/03\/taille-images-instagram.jpg","datePublished":"2025-03-08T07:15:00+00:00","dateModified":"2025-08-22T14:16:25+00:00","description":"Utilisez les bonnes tailles d'images pour Instagram. Taille de photo de profil, taille des images pour les stories, taille de vos Reels.","breadcrumb":{"@id":"https:\/\/www.codeur.com\/blog\/taille-images-instagram\/#breadcrumb"},"inLanguage":"fr-FR","potentialAction":[{"@type":"ReadAction","target":["https:\/\/www.codeur.com\/blog\/taille-images-instagram\/"]}]},{"@type":"ImageObject","inLanguage":"fr-FR","@id":"https:\/\/www.codeur.com\/blog\/taille-images-instagram\/#primaryimage","url":"https:\/\/www.codeur.com\/blog\/wp-content\/uploads\/2024\/03\/taille-images-instagram.jpg","contentUrl":"https:\/\/www.codeur.com\/blog\/wp-content\/uploads\/2024\/03\/taille-images-instagram.jpg","width":1200,"height":675,"caption":"taille images instagram"},{"@type":"BreadcrumbList","@id":"https:\/\/www.codeur.com\/blog\/taille-images-instagram\/#breadcrumb","itemListElement":[{"@type":"ListItem","position":1,"name":"Blog","item":"https:\/\/www.codeur.com\/blog\/"},{"@type":"ListItem","position":2,"name":"Marketing","item":"https:\/\/www.codeur.com\/blog\/marketing-digital\/"},{"@type":"ListItem","position":3,"name":"Conseils","item":"https:\/\/www.codeur.com\/blog\/marketing-digital\/conseils\/"},{"@type":"ListItem","position":4,"name":"Taille des images sur Instagram &#8211; Guide 2025"}]},{"@type":"WebSite","@id":"https:\/\/www.codeur.com\/blog\/#website","url":"https:\/\/www.codeur.com\/blog\/","name":"Codeur.com","description":"codeur","publisher":{"@id":"https:\/\/www.codeur.com\/blog\/#organization"},"potentialAction":[{"@type":"SearchAction","target":{"@type":"EntryPoint","urlTemplate":"https:\/\/www.codeur.com\/blog\/?s={search_term_string}"},"query-input":{"@type":"PropertyValueSpecification","valueRequired":true,"valueName":"search_term_string"}}],"inLanguage":"fr-FR"},{"@type":"Organization","@id":"https:\/\/www.codeur.com\/blog\/#organization","name":"Codeur.com","url":"https:\/\/www.codeur.com\/blog\/","logo":{"@type":"ImageObject","inLanguage":"fr-FR","@id":"https:\/\/www.codeur.com\/blog\/#\/schema\/logo\/image\/","url":"https:\/\/www.codeur.com\/blog\/wp-content\/uploads\/2022\/04\/logo-codeur-com.png","contentUrl":"https:\/\/www.codeur.com\/blog\/wp-content\/uploads\/2022\/04\/logo-codeur-com.png","width":2560,"height":465,"caption":"Codeur.com"},"image":{"@id":"https:\/\/www.codeur.com\/blog\/#\/schema\/logo\/image\/"},"sameAs":["https:\/\/fr-fr.facebook.com\/codeurfreelance\/","https:\/\/x.com\/codeur","https:\/\/www.linkedin.com\/company\/codeur\/","https:\/\/www.youtube.com\/channel\/UCgj9ySM9xy3gdL8qBafl9Uw"]},{"@type":"Person","@id":"https:\/\/www.codeur.com\/blog\/#\/schema\/person\/110c0feb0ab60432e89d27f5fa2da617","name":"Aude Marty","image":{"@type":"ImageObject","inLanguage":"fr-FR","@id":"https:\/\/www.codeur.com\/blog\/#\/schema\/person\/image\/","url":"https:\/\/secure.gravatar.com\/avatar\/ae918d51b377a3b9585cfdc38b3d7078fa61c40e14449af59264a7b44e51f153?s=96&d=mm&r=g","contentUrl":"https:\/\/secure.gravatar.com\/avatar\/ae918d51b377a3b9585cfdc38b3d7078fa61c40e14449af59264a7b44e51f153?s=96&d=mm&r=g","caption":"Aude Marty"},"description":"V\u00e9ritable touche-\u00e0-tout du web, Aude est toujours au courant des derni\u00e8res nouveaut\u00e9s et des nouveaux outils pour freelances.","sameAs":["https:\/\/www.linkedin.com\/in\/martyaude\/"],"url":"https:\/\/www.codeur.com\/blog\/author\/aude\/"}]}},"_links":{"self":[{"href":"https:\/\/www.codeur.com\/blog\/wp-json\/wp\/v2\/posts\/79576","targetHints":{"allow":["GET"]}}],"collection":[{"href":"https:\/\/www.codeur.com\/blog\/wp-json\/wp\/v2\/posts"}],"about":[{"href":"https:\/\/www.codeur.com\/blog\/wp-json\/wp\/v2\/types\/post"}],"author":[{"embeddable":true,"href":"https:\/\/www.codeur.com\/blog\/wp-json\/wp\/v2\/users\/67"}],"replies":[{"embeddable":true,"href":"https:\/\/www.codeur.com\/blog\/wp-json\/wp\/v2\/comments?post=79576"}],"version-history":[{"count":0,"href":"https:\/\/www.codeur.com\/blog\/wp-json\/wp\/v2\/posts\/79576\/revisions"}],"wp:featuredmedia":[{"embeddable":true,"href":"https:\/\/www.codeur.com\/blog\/wp-json\/wp\/v2\/media\/96269"}],"wp:attachment":[{"href":"https:\/\/www.codeur.com\/blog\/wp-json\/wp\/v2\/media?parent=79576"}],"wp:term":[{"taxonomy":"category","embeddable":true,"href":"https:\/\/www.codeur.com\/blog\/wp-json\/wp\/v2\/categories?post=79576"},{"taxonomy":"post_tag","embeddable":true,"href":"https:\/\/www.codeur.com\/blog\/wp-json\/wp\/v2\/tags?post=79576"}],"curies":[{"name":"wp","href":"https:\/\/api.w.org\/{rel}","templated":true}]}}