{"id":79303,"date":"2024-03-06T10:30:00","date_gmt":"2024-03-06T09:30:00","guid":{"rendered":"https:\/\/www.codeur.com\/blog\/?p=79303"},"modified":"2025-09-12T16:55:15","modified_gmt":"2025-09-12T14:55:15","slug":"taille-image-facebook","status":"publish","type":"post","link":"https:\/\/www.codeur.com\/blog\/taille-image-facebook\/","title":{"rendered":"Taille d&#8217;image Facebook&nbsp;: le guide 2025"},"content":{"rendered":"\n<p>Facebook reste encore aujourd&#8217;hui une plateforme dynamique et importante dans le paysage des r\u00e9seaux sociaux. De nombreuses entreprises communiquent toujours activement sur Facebook. Mais si un bon contenu est accompagn\u00e9 d&#8217;une photo mal dimensionn\u00e9e, le post peut passer \u00e0 la trappe. <\/p>\n\n\n\n<p>Dans cet article, nous vous accompagnons pour choisir le meilleur format d&#8217;image pour vos posts Facebook, photos de profil ou publicit\u00e9s. <\/p>\n\n\n\n<h2 class=\"wp-block-heading\">Les diff\u00e9rents formats d&#8217;images sur Facebook<\/h2>\n\n\n\n<h3 class=\"wp-block-heading\">Taille de la photo de profil Facebook<\/h3>\n\n\n\n<p>Pour une qualit\u00e9 optimale sur tous les supports, Facebook conseille d&#8217;opter pour une photo de profil de <strong>320 x 320 pixels<\/strong>, soit un visuel carr\u00e9 <strong>1:1<\/strong>. <\/p>\n\n\n\n<p>Mais n\u2019oubliez pas que les photos de profil peuvent aussi \u00eatre visualis\u00e9es par vos amis dans votre album \u00ab\u2009Photos de profil\u2009\u00bb&nbsp;: privil\u00e9giez donc une photo de 640 x 640&nbsp;pixels minimum, ou plus grande encore (mais toujours au ratio&nbsp;1:1) pour \u00e9viter d\u2019avoir le visage pixelis\u00e9\u2009!<\/p>\n\n\n\n<p>La taille minimale acceptable communiqu\u00e9e par Facebook est de 180&nbsp;x&nbsp;60&nbsp;pixels.<\/p>\n\n\n\n<p>Notez que Facebook rognera votre photo de profil carr\u00e9e dans une forme arrondie. Veillez donc \u00e0 \u00e9viter les d\u00e9tails importants au coin de l&#8217;image&nbsp;!<\/p>\n\n\n\n<p>Facebook affichera la photo de profil de votre page en 176&nbsp;x&nbsp;176&nbsp;pixels sur un ordinateur, en 196&nbsp;x&nbsp;196&nbsp;pixels sur l&#8217;application smartphone et 36&nbsp;x&nbsp;36&nbsp;pixels sur la plupart des mobiles ancienne g\u00e9n\u00e9ration. \u00c9vitez donc de trop charger l&#8217;image de votre page pour que votre logo reste visible clairement sur votre page Facebook.<\/p>\n\n\n\n<p>La taille de la photo de profil est vraiment standard. La <a href=\"https:\/\/www.codeur.com\/blog\/guide-taille-images-tiktok\/\">taille de la photo de profil de TikTok<\/a>, d&#8217;Instagram et de tous les r\u00e9seaux sociaux en g\u00e9n\u00e9ral est soit ronde, soit carr\u00e9e, toujours au ratio 1:1.<\/p>\n\n\n\n<h3 class=\"wp-block-heading\">Taille de la photo de couverture Facebook<\/h3>\n\n\n\n<p>La photo de couverture est affich\u00e9e au format <strong>16:9<\/strong> en haut de votre profil mobile. G\u00e9n\u00e9rer du trafic avec une bonne photo de couverture Facebook est possible&nbsp;!<\/p>\n\n\n\n<p>Sur un profil Facebook, votre photo de couverture devra faire 720 pixels de large minimum. Elle appara\u00eetra en <strong>820 x 312 pixels sur ordinateur<\/strong> et <strong>640 x 360 pixels sur smartphone<\/strong>. <\/p>\n\n\n\n<p>Notez qu&#8217;il n&#8217;est pas rare de votre la photo de couverture affich\u00e9e dans un format sup\u00e9rieur sur un ordinateur. Pour un affichage optimal sans perte de qualit\u00e9, vous pouvez donc charger une image de 1280 x 720 pixels comme photo de couverture.<\/p>\n\n\n\n<p>L\u00e0 encore, il est possible que votre photo soit rogn\u00e9e ou redimensionn\u00e9e pour s\u2019adapter aux formats d&#8217;\u00e9crans de plus en plus vari\u00e9s. Pensez \u00e9galement que le bas de votre photo de couverture sera en partie recouverte par votre photo de profil (centr\u00e9e en bas de l&#8217;image de couverture sur mobile, en bas \u00e0 gauche sur ordinateur). Pour plus d&#8217;originalit\u00e9, optez pour une couverture Facebook vid\u00e9o&nbsp;!<\/p>\n\n\n\n<figure class=\"wp-block-image size-large\"><img decoding=\"async\" width=\"1024\" height=\"1024\" src=\"https:\/\/www.codeur.com\/blog\/wp-content\/uploads\/2024\/02\/format-facebook-profil-1024x1024.jpg\" alt=\"format images Facebook photo de profil et couverture\" class=\"wp-image-79459\" srcset=\"https:\/\/www.codeur.com\/blog\/wp-content\/uploads\/2024\/02\/format-facebook-profil-1024x1024.jpg 1024w, https:\/\/www.codeur.com\/blog\/wp-content\/uploads\/2024\/02\/format-facebook-profil-300x300.jpg 300w, https:\/\/www.codeur.com\/blog\/wp-content\/uploads\/2024\/02\/format-facebook-profil-150x150.jpg 150w, https:\/\/www.codeur.com\/blog\/wp-content\/uploads\/2024\/02\/format-facebook-profil-768x768.jpg 768w, https:\/\/www.codeur.com\/blog\/wp-content\/uploads\/2024\/02\/format-facebook-profil-60x60.jpg 60w, https:\/\/www.codeur.com\/blog\/wp-content\/uploads\/2024\/02\/format-facebook-profil-370x370.jpg 370w, https:\/\/www.codeur.com\/blog\/wp-content\/uploads\/2024\/02\/format-facebook-profil-270x270.jpg 270w, https:\/\/www.codeur.com\/blog\/wp-content\/uploads\/2024\/02\/format-facebook-profil-570x570.jpg 570w, https:\/\/www.codeur.com\/blog\/wp-content\/uploads\/2024\/02\/format-facebook-profil-740x740.jpg 740w, https:\/\/www.codeur.com\/blog\/wp-content\/uploads\/2024\/02\/format-facebook-profil.jpg 1080w\" sizes=\"(max-width: 1024px) 100vw, 1024px\" \/><\/figure>\n\n\n\n<h3 class=\"wp-block-heading\">Taille d&#8217;image d&#8217;un \u00e9v\u00e8nement Facebook<\/h3>\n\n\n\n<p>Pour un affichage sur une page ou un \u00e9v\u00e9nement, Facebook recommande une largeur minimum de 400 pixels pour 150 pixels de haut. Pour \u00e9viter toute distorsion ou compression de votre image, il est conseill\u00e9 d&#8217;uploader une image de taille inf\u00e9rieure \u00e0 100 Ko au format JPEG sRGB de <strong>851 x 315 pixels<\/strong>. <\/p>\n\n\n\n<h3 class=\"wp-block-heading\">Taille d&#8217;image d&#8217;une story Facebook<\/h3>\n\n\n\n<p>Facebook recommande de partager des visuels de <strong>1080 x 1920 pixels<\/strong> (<strong>ratio 9:16<\/strong>) en Story. Votre contenu sera ainsi adapt\u00e9 pour tous les appareils.<\/p>\n\n\n\n<p>Pour un bon affichage du message de votre story sur Facebook, il est pr\u00e9f\u00e9rable de conserver une marge sans texte de 250 pixels en haut et en bas du visuel. <\/p>\n\n\n\n<figure class=\"wp-block-image size-large\"><img decoding=\"async\" width=\"1024\" height=\"1024\" src=\"https:\/\/www.codeur.com\/blog\/wp-content\/uploads\/2024\/02\/format-facebook-story-1024x1024.jpg\" alt=\"format story Facebook\" class=\"wp-image-79461\" srcset=\"https:\/\/www.codeur.com\/blog\/wp-content\/uploads\/2024\/02\/format-facebook-story-1024x1024.jpg 1024w, https:\/\/www.codeur.com\/blog\/wp-content\/uploads\/2024\/02\/format-facebook-story-300x300.jpg 300w, https:\/\/www.codeur.com\/blog\/wp-content\/uploads\/2024\/02\/format-facebook-story-150x150.jpg 150w, https:\/\/www.codeur.com\/blog\/wp-content\/uploads\/2024\/02\/format-facebook-story-768x768.jpg 768w, https:\/\/www.codeur.com\/blog\/wp-content\/uploads\/2024\/02\/format-facebook-story-60x60.jpg 60w, https:\/\/www.codeur.com\/blog\/wp-content\/uploads\/2024\/02\/format-facebook-story-370x370.jpg 370w, https:\/\/www.codeur.com\/blog\/wp-content\/uploads\/2024\/02\/format-facebook-story-270x270.jpg 270w, https:\/\/www.codeur.com\/blog\/wp-content\/uploads\/2024\/02\/format-facebook-story-570x570.jpg 570w, https:\/\/www.codeur.com\/blog\/wp-content\/uploads\/2024\/02\/format-facebook-story-740x740.jpg 740w, https:\/\/www.codeur.com\/blog\/wp-content\/uploads\/2024\/02\/format-facebook-story.jpg 1080w\" sizes=\"(max-width: 1024px) 100vw, 1024px\" \/><\/figure>\n\n\n\n<h3 class=\"wp-block-heading\">Taille d&#8217;image d&#8217;un post Facebook<\/h3>\n\n\n\n<p>Lorsque vous partagez une image sur Facebook, la plateforme redimensionne automatiquement vos images \u00e0 des proportions comprises <strong>entre 1,91:1 et 4:5<\/strong>. Les proportions pourront varier selon l&#8217;\u00e9cran d&#8217;affichage \u00e0 hauteur de 3%.<\/p>\n\n\n\n<p>Si vous partagez un lien avec une image d&#8217;aper\u00e7u, celle-ci s&#8217;affichera au ratio 1,91:1 ou 1:1.<\/p>\n\n\n\n<p>Pr\u00e9voyez une r\u00e9solution minimale de 1080 x 1080 pixels pour une qualit\u00e9 d&#8217;affichage correcte, et 2048 pixels de large maximum. Facebook requiert des largeurs et hauteurs minimales de 600 x 600 pixels, et une taille d&#8217;image maximale de 30 Mo.<\/p>\n\n\n\n<p>Vos images sur les pages, les profils Facebook et le fil d&#8217;actualit\u00e9 seront g\u00e9n\u00e9ralement visionn\u00e9es en 500 x 375 pixels sur ordinateur.<\/p>\n\n\n\n<figure class=\"wp-block-image size-large\"><img decoding=\"async\" width=\"1024\" height=\"1024\" src=\"https:\/\/www.codeur.com\/blog\/wp-content\/uploads\/2024\/02\/format-facebook-fil-1024x1024.jpg\" alt=\"format image fil d'actualit\u00e9 Facebook\" class=\"wp-image-79462\" srcset=\"https:\/\/www.codeur.com\/blog\/wp-content\/uploads\/2024\/02\/format-facebook-fil-1024x1024.jpg 1024w, https:\/\/www.codeur.com\/blog\/wp-content\/uploads\/2024\/02\/format-facebook-fil-300x300.jpg 300w, https:\/\/www.codeur.com\/blog\/wp-content\/uploads\/2024\/02\/format-facebook-fil-150x150.jpg 150w, https:\/\/www.codeur.com\/blog\/wp-content\/uploads\/2024\/02\/format-facebook-fil-768x768.jpg 768w, https:\/\/www.codeur.com\/blog\/wp-content\/uploads\/2024\/02\/format-facebook-fil-60x60.jpg 60w, https:\/\/www.codeur.com\/blog\/wp-content\/uploads\/2024\/02\/format-facebook-fil-370x370.jpg 370w, https:\/\/www.codeur.com\/blog\/wp-content\/uploads\/2024\/02\/format-facebook-fil-270x270.jpg 270w, https:\/\/www.codeur.com\/blog\/wp-content\/uploads\/2024\/02\/format-facebook-fil-570x570.jpg 570w, https:\/\/www.codeur.com\/blog\/wp-content\/uploads\/2024\/02\/format-facebook-fil-740x740.jpg 740w, https:\/\/www.codeur.com\/blog\/wp-content\/uploads\/2024\/02\/format-facebook-fil.jpg 1080w\" sizes=\"(max-width: 1024px) 100vw, 1024px\" \/><\/figure>\n\n\n\n<h3 class=\"wp-block-heading\">Taille d&#8217;image pour un carrousel Facebook<\/h3>\n\n\n\n<p>Pour une image affich\u00e9e dans un carrousel Facebook, le format recommand\u00e9 est de <strong>1080 x 1080 pixels (ratio 1:1)<\/strong>. La taille de l&#8217;image ne devra pas d\u00e9passer 30 Mo. <\/p>\n\n\n\n<p>Si vous publiez une vid\u00e9o dans un carrousel Facebook, son poids ne devra pas d\u00e9passer 4 Go.<\/p>\n\n\n\n<h3 class=\"wp-block-heading\">Taille d&#8217;image des publicit\u00e9s Facebook<\/h3>\n\n\n\n<p>Pour une publicit\u00e9 Facebook apparaissant dans le <strong>fil d&#8217;actualit\u00e9<\/strong>, une image d&#8217;au moins 600 x 600px est conseill\u00e9e. Les ratios entre 1.91:1, 16:9, 1:1 et 4:5 peuvent \u00eatre adopt\u00e9s, m\u00eame si une r\u00e9solution de<strong> 1080 x 1080 pixels <\/strong>(ratio 1:1) est recommand\u00e9e par la plateforme. <\/p>\n\n\n\n<p>Une taille minimale de 254 x 133 pixels est demand\u00e9e pour un affichage dans la <strong>colonne de droite<\/strong>, avec une r\u00e9solution recommand\u00e9e de <strong>1080 x 1080 pixels<\/strong> (ratio 1:1). <\/p>\n\n\n\n<p><strong>Facebook Marketplace<\/strong> privil\u00e9gie \u00e9galement les visuels carr\u00e9s (<strong>ratio 1:1<\/strong>).<\/p>\n\n\n\n<p>Les ratios et tailles d&#8217;images recommand\u00e9s sont identiques pour tous les autres produits Facebook&nbsp;: formats natifs, bandeau et interstitiels Audience Network et Stories Facebook. Tous les ratios sont autoris\u00e9s, bien que le la plateforme recommande  un <strong>format 9:16<\/strong>. Le poids maximal d&#8217;une image devra \u00eatre de 30 Mo.<\/p>\n\n\n\n<h2 class=\"wp-block-heading\">Le guide de taille d&#8217;image Facebook en infographie<\/h2>\n\n\n<div class=\"wp-block-image\">\n<figure class=\"aligncenter size-large\"><img decoding=\"async\" width=\"365\" height=\"1024\" src=\"https:\/\/www.codeur.com\/blog\/wp-content\/uploads\/2024\/02\/template-format-rs-facebook-365x1024.jpg\" alt=\"dimensions des images sur Facebook\" class=\"wp-image-79463\" srcset=\"https:\/\/www.codeur.com\/blog\/wp-content\/uploads\/2024\/02\/template-format-rs-facebook-365x1024.jpg 365w, https:\/\/www.codeur.com\/blog\/wp-content\/uploads\/2024\/02\/template-format-rs-facebook-107x300.jpg 107w, https:\/\/www.codeur.com\/blog\/wp-content\/uploads\/2024\/02\/template-format-rs-facebook-768x2157.jpg 768w, https:\/\/www.codeur.com\/blog\/wp-content\/uploads\/2024\/02\/template-format-rs-facebook-547x1536.jpg 547w, https:\/\/www.codeur.com\/blog\/wp-content\/uploads\/2024\/02\/template-format-rs-facebook-729x2048.jpg 729w, https:\/\/www.codeur.com\/blog\/wp-content\/uploads\/2024\/02\/template-format-rs-facebook-21x60.jpg 21w, https:\/\/www.codeur.com\/blog\/wp-content\/uploads\/2024\/02\/template-format-rs-facebook-370x1039.jpg 370w, https:\/\/www.codeur.com\/blog\/wp-content\/uploads\/2024\/02\/template-format-rs-facebook-270x758.jpg 270w, https:\/\/www.codeur.com\/blog\/wp-content\/uploads\/2024\/02\/template-format-rs-facebook-570x1601.jpg 570w, https:\/\/www.codeur.com\/blog\/wp-content\/uploads\/2024\/02\/template-format-rs-facebook-740x2078.jpg 740w, https:\/\/www.codeur.com\/blog\/wp-content\/uploads\/2024\/02\/template-format-rs-facebook-scaled.jpg 912w\" sizes=\"(max-width: 365px) 100vw, 365px\" \/><\/figure><\/div>\n\n\n<h2 class=\"wp-block-heading\">Choisissez bien la taille d&#8217;une image sur Facebook<\/h2>\n\n\n\n<p>La compr\u00e9hension et l&#8217;utilisation des bonnes dimensions des images sont essentielles pour maximiser l&#8217;impact visuel et l&#8217;engagement sur Facebook. C&#8217;est un \u00e9l\u00e9ment qui peut sembler technique, mais qui fait toute la diff\u00e9rence dans la mani\u00e8re dont votre contenu est per\u00e7u par votre public. <\/p>\n\n\n\n<p>Retrouvez notre <a href=\"https:\/\/www.codeur.com\/blog\/guide-tailles-images-reseaux-sociaux\/\">guide des tailles d&#8217;images pour tous les r\u00e9seaux sociaux<\/a>.<\/p>\n\n\n\n<p>En fin de compte, une image bien proportionn\u00e9e et de haute qualit\u00e9 peut attirer, engager et laisser une impression durable sur votre public. <\/p>\n\n\n\n<p>Retrouvez aussi toutes les <a href=\"https:\/\/www.codeur.com\/blog\/formats-video-reseaux-sociaux\/\">dimensions pour vos vid\u00e9os sur les r\u00e9seaux sociaux.<\/a> <\/p>\n","protected":false},"excerpt":{"rendered":"<p>Facebook reste encore aujourd&#8217;hui une plateforme dynamique et importante dans le paysage des r\u00e9seaux sociaux. De nombreuses entreprises communiquent toujours activement sur Facebook. Mais si un bon contenu est accompagn\u00e9 d&#8217;une photo mal dimensionn\u00e9e, le post peut passer \u00e0 la trappe. Dans cet article, nous vous accompagnons pour choisir le meilleur format d&#8217;image pour vos [&hellip;]<\/p>\n","protected":false},"author":67,"featured_media":79465,"comment_status":"closed","ping_status":"closed","sticky":false,"template":"","format":"standard","meta":{"_acf_changed":false,"inline_featured_image":false,"footnotes":""},"categories":[149],"tags":[79],"class_list":["post-79303","post","type-post","status-publish","format-standard","has-post-thumbnail","hentry","category-facebook","tag-ressources"],"acf":[],"yoast_head":"<!-- This site is optimized with the Yoast SEO plugin v25.9 - https:\/\/yoast.com\/wordpress\/plugins\/seo\/ -->\n<title>Taille d&#039;image Facebook : le guide 2025<\/title>\n<meta name=\"description\" content=\"La taille des images Facebook change r\u00e9guli\u00e8rement. D\u00e9couvrez toutes les tailles d&#039;image Facebook : \u00e9v\u00e9nement, publication, photo de profil.\" \/>\n<meta name=\"robots\" content=\"index, follow, max-snippet:-1, max-image-preview:large, max-video-preview:-1\" \/>\n<link rel=\"canonical\" href=\"https:\/\/www.codeur.com\/blog\/taille-image-facebook\/\" \/>\n<meta property=\"og:locale\" content=\"fr_FR\" \/>\n<meta property=\"og:type\" content=\"article\" \/>\n<meta property=\"og:title\" content=\"Taille d&#039;image Facebook : le guide 2025\" \/>\n<meta property=\"og:description\" content=\"La taille des images Facebook change r\u00e9guli\u00e8rement. D\u00e9couvrez toutes les tailles d&#039;image Facebook : \u00e9v\u00e9nement, publication, photo de profil.\" \/>\n<meta property=\"og:url\" content=\"https:\/\/www.codeur.com\/blog\/taille-image-facebook\/\" \/>\n<meta property=\"og:site_name\" content=\"Codeur.com\" \/>\n<meta property=\"article:publisher\" content=\"https:\/\/fr-fr.facebook.com\/codeurfreelance\/\" \/>\n<meta property=\"article:published_time\" content=\"2024-03-06T09:30:00+00:00\" \/>\n<meta property=\"article:modified_time\" content=\"2025-09-12T14:55:15+00:00\" \/>\n<meta property=\"og:image\" content=\"https:\/\/www.codeur.com\/blog\/wp-content\/uploads\/2024\/02\/guide-taille-img-facebook.jpg\" \/>\n\t<meta property=\"og:image:width\" content=\"1024\" \/>\n\t<meta property=\"og:image:height\" content=\"618\" \/>\n\t<meta property=\"og:image:type\" content=\"image\/jpeg\" \/>\n<meta name=\"author\" content=\"Aude Marty\" \/>\n<meta name=\"twitter:card\" content=\"summary_large_image\" \/>\n<meta name=\"twitter:creator\" content=\"@codeur\" \/>\n<meta name=\"twitter:site\" content=\"@codeur\" \/>\n<meta name=\"twitter:label1\" content=\"\u00c9crit par\" \/>\n\t<meta name=\"twitter:data1\" content=\"Aude Marty\" \/>\n\t<meta name=\"twitter:label2\" content=\"Dur\u00e9e de lecture estim\u00e9e\" \/>\n\t<meta name=\"twitter:data2\" content=\"6 minutes\" \/>\n<script type=\"application\/ld+json\" class=\"yoast-schema-graph\">{\"@context\":\"https:\/\/schema.org\",\"@graph\":[{\"@type\":\"Article\",\"@id\":\"https:\/\/www.codeur.com\/blog\/taille-image-facebook\/#article\",\"isPartOf\":{\"@id\":\"https:\/\/www.codeur.com\/blog\/taille-image-facebook\/\"},\"author\":{\"name\":\"Aude Marty\",\"@id\":\"https:\/\/www.codeur.com\/blog\/#\/schema\/person\/110c0feb0ab60432e89d27f5fa2da617\"},\"headline\":\"Taille d&#8217;image Facebook&nbsp;: le guide 2025\",\"datePublished\":\"2024-03-06T09:30:00+00:00\",\"dateModified\":\"2025-09-12T14:55:15+00:00\",\"mainEntityOfPage\":{\"@id\":\"https:\/\/www.codeur.com\/blog\/taille-image-facebook\/\"},\"wordCount\":1031,\"publisher\":{\"@id\":\"https:\/\/www.codeur.com\/blog\/#organization\"},\"image\":{\"@id\":\"https:\/\/www.codeur.com\/blog\/taille-image-facebook\/#primaryimage\"},\"thumbnailUrl\":\"https:\/\/www.codeur.com\/blog\/wp-content\/uploads\/2024\/02\/guide-taille-img-facebook.jpg\",\"keywords\":[\"Ressources\"],\"articleSection\":[\"Facebook\"],\"inLanguage\":\"fr-FR\"},{\"@type\":\"WebPage\",\"@id\":\"https:\/\/www.codeur.com\/blog\/taille-image-facebook\/\",\"url\":\"https:\/\/www.codeur.com\/blog\/taille-image-facebook\/\",\"name\":\"Taille d'image Facebook : le guide 2025\",\"isPartOf\":{\"@id\":\"https:\/\/www.codeur.com\/blog\/#website\"},\"primaryImageOfPage\":{\"@id\":\"https:\/\/www.codeur.com\/blog\/taille-image-facebook\/#primaryimage\"},\"image\":{\"@id\":\"https:\/\/www.codeur.com\/blog\/taille-image-facebook\/#primaryimage\"},\"thumbnailUrl\":\"https:\/\/www.codeur.com\/blog\/wp-content\/uploads\/2024\/02\/guide-taille-img-facebook.jpg\",\"datePublished\":\"2024-03-06T09:30:00+00:00\",\"dateModified\":\"2025-09-12T14:55:15+00:00\",\"description\":\"La taille des images Facebook change r\u00e9guli\u00e8rement. D\u00e9couvrez toutes les tailles d'image Facebook : \u00e9v\u00e9nement, publication, photo de profil.\",\"breadcrumb\":{\"@id\":\"https:\/\/www.codeur.com\/blog\/taille-image-facebook\/#breadcrumb\"},\"inLanguage\":\"fr-FR\",\"potentialAction\":[{\"@type\":\"ReadAction\",\"target\":[\"https:\/\/www.codeur.com\/blog\/taille-image-facebook\/\"]}]},{\"@type\":\"ImageObject\",\"inLanguage\":\"fr-FR\",\"@id\":\"https:\/\/www.codeur.com\/blog\/taille-image-facebook\/#primaryimage\",\"url\":\"https:\/\/www.codeur.com\/blog\/wp-content\/uploads\/2024\/02\/guide-taille-img-facebook.jpg\",\"contentUrl\":\"https:\/\/www.codeur.com\/blog\/wp-content\/uploads\/2024\/02\/guide-taille-img-facebook.jpg\",\"width\":1024,\"height\":618,\"caption\":\"Le guide des tailles des images Facebook\"},{\"@type\":\"BreadcrumbList\",\"@id\":\"https:\/\/www.codeur.com\/blog\/taille-image-facebook\/#breadcrumb\",\"itemListElement\":[{\"@type\":\"ListItem\",\"position\":1,\"name\":\"Blog\",\"item\":\"https:\/\/www.codeur.com\/blog\/\"},{\"@type\":\"ListItem\",\"position\":2,\"name\":\"Marketing\",\"item\":\"https:\/\/www.codeur.com\/blog\/marketing-digital\/\"},{\"@type\":\"ListItem\",\"position\":3,\"name\":\"Social Media\",\"item\":\"https:\/\/www.codeur.com\/blog\/marketing-digital\/social-media\/\"},{\"@type\":\"ListItem\",\"position\":4,\"name\":\"Facebook\",\"item\":\"https:\/\/www.codeur.com\/blog\/marketing-digital\/social-media\/facebook\/\"},{\"@type\":\"ListItem\",\"position\":5,\"name\":\"Taille d&#8217;image Facebook&nbsp;: le guide 2025\"}]},{\"@type\":\"WebSite\",\"@id\":\"https:\/\/www.codeur.com\/blog\/#website\",\"url\":\"https:\/\/www.codeur.com\/blog\/\",\"name\":\"Codeur.com\",\"description\":\"codeur\",\"publisher\":{\"@id\":\"https:\/\/www.codeur.com\/blog\/#organization\"},\"potentialAction\":[{\"@type\":\"SearchAction\",\"target\":{\"@type\":\"EntryPoint\",\"urlTemplate\":\"https:\/\/www.codeur.com\/blog\/?s={search_term_string}\"},\"query-input\":{\"@type\":\"PropertyValueSpecification\",\"valueRequired\":true,\"valueName\":\"search_term_string\"}}],\"inLanguage\":\"fr-FR\"},{\"@type\":\"Organization\",\"@id\":\"https:\/\/www.codeur.com\/blog\/#organization\",\"name\":\"Codeur.com\",\"url\":\"https:\/\/www.codeur.com\/blog\/\",\"logo\":{\"@type\":\"ImageObject\",\"inLanguage\":\"fr-FR\",\"@id\":\"https:\/\/www.codeur.com\/blog\/#\/schema\/logo\/image\/\",\"url\":\"https:\/\/www.codeur.com\/blog\/wp-content\/uploads\/2022\/04\/logo-codeur-com.png\",\"contentUrl\":\"https:\/\/www.codeur.com\/blog\/wp-content\/uploads\/2022\/04\/logo-codeur-com.png\",\"width\":2560,\"height\":465,\"caption\":\"Codeur.com\"},\"image\":{\"@id\":\"https:\/\/www.codeur.com\/blog\/#\/schema\/logo\/image\/\"},\"sameAs\":[\"https:\/\/fr-fr.facebook.com\/codeurfreelance\/\",\"https:\/\/x.com\/codeur\",\"https:\/\/www.linkedin.com\/company\/codeur\/\",\"https:\/\/www.youtube.com\/channel\/UCgj9ySM9xy3gdL8qBafl9Uw\"]},{\"@type\":\"Person\",\"@id\":\"https:\/\/www.codeur.com\/blog\/#\/schema\/person\/110c0feb0ab60432e89d27f5fa2da617\",\"name\":\"Aude Marty\",\"image\":{\"@type\":\"ImageObject\",\"inLanguage\":\"fr-FR\",\"@id\":\"https:\/\/www.codeur.com\/blog\/#\/schema\/person\/image\/\",\"url\":\"https:\/\/secure.gravatar.com\/avatar\/ae918d51b377a3b9585cfdc38b3d7078fa61c40e14449af59264a7b44e51f153?s=96&d=mm&r=g\",\"contentUrl\":\"https:\/\/secure.gravatar.com\/avatar\/ae918d51b377a3b9585cfdc38b3d7078fa61c40e14449af59264a7b44e51f153?s=96&d=mm&r=g\",\"caption\":\"Aude Marty\"},\"description\":\"V\u00e9ritable touche-\u00e0-tout du web, Aude est toujours au courant des derni\u00e8res nouveaut\u00e9s et des nouveaux outils pour freelances.\",\"sameAs\":[\"https:\/\/www.linkedin.com\/in\/martyaude\/\"],\"url\":\"https:\/\/www.codeur.com\/blog\/author\/aude\/\"}]}<\/script>\n<!-- \/ Yoast SEO plugin. -->","yoast_head_json":{"title":"Taille d'image Facebook : le guide 2025","description":"La taille des images Facebook change r\u00e9guli\u00e8rement. D\u00e9couvrez toutes les tailles d'image Facebook : \u00e9v\u00e9nement, publication, photo de profil.","robots":{"index":"index","follow":"follow","max-snippet":"max-snippet:-1","max-image-preview":"max-image-preview:large","max-video-preview":"max-video-preview:-1"},"canonical":"https:\/\/www.codeur.com\/blog\/taille-image-facebook\/","og_locale":"fr_FR","og_type":"article","og_title":"Taille d'image Facebook : le guide 2025","og_description":"La taille des images Facebook change r\u00e9guli\u00e8rement. D\u00e9couvrez toutes les tailles d'image Facebook : \u00e9v\u00e9nement, publication, photo de profil.","og_url":"https:\/\/www.codeur.com\/blog\/taille-image-facebook\/","og_site_name":"Codeur.com","article_publisher":"https:\/\/fr-fr.facebook.com\/codeurfreelance\/","article_published_time":"2024-03-06T09:30:00+00:00","article_modified_time":"2025-09-12T14:55:15+00:00","og_image":[{"width":1024,"height":618,"url":"https:\/\/www.codeur.com\/blog\/wp-content\/uploads\/2024\/02\/guide-taille-img-facebook.jpg","type":"image\/jpeg"}],"author":"Aude Marty","twitter_card":"summary_large_image","twitter_creator":"@codeur","twitter_site":"@codeur","twitter_misc":{"\u00c9crit par":"Aude Marty","Dur\u00e9e de lecture estim\u00e9e":"6 minutes"},"schema":{"@context":"https:\/\/schema.org","@graph":[{"@type":"Article","@id":"https:\/\/www.codeur.com\/blog\/taille-image-facebook\/#article","isPartOf":{"@id":"https:\/\/www.codeur.com\/blog\/taille-image-facebook\/"},"author":{"name":"Aude Marty","@id":"https:\/\/www.codeur.com\/blog\/#\/schema\/person\/110c0feb0ab60432e89d27f5fa2da617"},"headline":"Taille d&#8217;image Facebook&nbsp;: le guide 2025","datePublished":"2024-03-06T09:30:00+00:00","dateModified":"2025-09-12T14:55:15+00:00","mainEntityOfPage":{"@id":"https:\/\/www.codeur.com\/blog\/taille-image-facebook\/"},"wordCount":1031,"publisher":{"@id":"https:\/\/www.codeur.com\/blog\/#organization"},"image":{"@id":"https:\/\/www.codeur.com\/blog\/taille-image-facebook\/#primaryimage"},"thumbnailUrl":"https:\/\/www.codeur.com\/blog\/wp-content\/uploads\/2024\/02\/guide-taille-img-facebook.jpg","keywords":["Ressources"],"articleSection":["Facebook"],"inLanguage":"fr-FR"},{"@type":"WebPage","@id":"https:\/\/www.codeur.com\/blog\/taille-image-facebook\/","url":"https:\/\/www.codeur.com\/blog\/taille-image-facebook\/","name":"Taille d'image Facebook : le guide 2025","isPartOf":{"@id":"https:\/\/www.codeur.com\/blog\/#website"},"primaryImageOfPage":{"@id":"https:\/\/www.codeur.com\/blog\/taille-image-facebook\/#primaryimage"},"image":{"@id":"https:\/\/www.codeur.com\/blog\/taille-image-facebook\/#primaryimage"},"thumbnailUrl":"https:\/\/www.codeur.com\/blog\/wp-content\/uploads\/2024\/02\/guide-taille-img-facebook.jpg","datePublished":"2024-03-06T09:30:00+00:00","dateModified":"2025-09-12T14:55:15+00:00","description":"La taille des images Facebook change r\u00e9guli\u00e8rement. D\u00e9couvrez toutes les tailles d'image Facebook : \u00e9v\u00e9nement, publication, photo de profil.","breadcrumb":{"@id":"https:\/\/www.codeur.com\/blog\/taille-image-facebook\/#breadcrumb"},"inLanguage":"fr-FR","potentialAction":[{"@type":"ReadAction","target":["https:\/\/www.codeur.com\/blog\/taille-image-facebook\/"]}]},{"@type":"ImageObject","inLanguage":"fr-FR","@id":"https:\/\/www.codeur.com\/blog\/taille-image-facebook\/#primaryimage","url":"https:\/\/www.codeur.com\/blog\/wp-content\/uploads\/2024\/02\/guide-taille-img-facebook.jpg","contentUrl":"https:\/\/www.codeur.com\/blog\/wp-content\/uploads\/2024\/02\/guide-taille-img-facebook.jpg","width":1024,"height":618,"caption":"Le guide des tailles des images Facebook"},{"@type":"BreadcrumbList","@id":"https:\/\/www.codeur.com\/blog\/taille-image-facebook\/#breadcrumb","itemListElement":[{"@type":"ListItem","position":1,"name":"Blog","item":"https:\/\/www.codeur.com\/blog\/"},{"@type":"ListItem","position":2,"name":"Marketing","item":"https:\/\/www.codeur.com\/blog\/marketing-digital\/"},{"@type":"ListItem","position":3,"name":"Social Media","item":"https:\/\/www.codeur.com\/blog\/marketing-digital\/social-media\/"},{"@type":"ListItem","position":4,"name":"Facebook","item":"https:\/\/www.codeur.com\/blog\/marketing-digital\/social-media\/facebook\/"},{"@type":"ListItem","position":5,"name":"Taille d&#8217;image Facebook&nbsp;: le guide 2025"}]},{"@type":"WebSite","@id":"https:\/\/www.codeur.com\/blog\/#website","url":"https:\/\/www.codeur.com\/blog\/","name":"Codeur.com","description":"codeur","publisher":{"@id":"https:\/\/www.codeur.com\/blog\/#organization"},"potentialAction":[{"@type":"SearchAction","target":{"@type":"EntryPoint","urlTemplate":"https:\/\/www.codeur.com\/blog\/?s={search_term_string}"},"query-input":{"@type":"PropertyValueSpecification","valueRequired":true,"valueName":"search_term_string"}}],"inLanguage":"fr-FR"},{"@type":"Organization","@id":"https:\/\/www.codeur.com\/blog\/#organization","name":"Codeur.com","url":"https:\/\/www.codeur.com\/blog\/","logo":{"@type":"ImageObject","inLanguage":"fr-FR","@id":"https:\/\/www.codeur.com\/blog\/#\/schema\/logo\/image\/","url":"https:\/\/www.codeur.com\/blog\/wp-content\/uploads\/2022\/04\/logo-codeur-com.png","contentUrl":"https:\/\/www.codeur.com\/blog\/wp-content\/uploads\/2022\/04\/logo-codeur-com.png","width":2560,"height":465,"caption":"Codeur.com"},"image":{"@id":"https:\/\/www.codeur.com\/blog\/#\/schema\/logo\/image\/"},"sameAs":["https:\/\/fr-fr.facebook.com\/codeurfreelance\/","https:\/\/x.com\/codeur","https:\/\/www.linkedin.com\/company\/codeur\/","https:\/\/www.youtube.com\/channel\/UCgj9ySM9xy3gdL8qBafl9Uw"]},{"@type":"Person","@id":"https:\/\/www.codeur.com\/blog\/#\/schema\/person\/110c0feb0ab60432e89d27f5fa2da617","name":"Aude Marty","image":{"@type":"ImageObject","inLanguage":"fr-FR","@id":"https:\/\/www.codeur.com\/blog\/#\/schema\/person\/image\/","url":"https:\/\/secure.gravatar.com\/avatar\/ae918d51b377a3b9585cfdc38b3d7078fa61c40e14449af59264a7b44e51f153?s=96&d=mm&r=g","contentUrl":"https:\/\/secure.gravatar.com\/avatar\/ae918d51b377a3b9585cfdc38b3d7078fa61c40e14449af59264a7b44e51f153?s=96&d=mm&r=g","caption":"Aude Marty"},"description":"V\u00e9ritable touche-\u00e0-tout du web, Aude est toujours au courant des derni\u00e8res nouveaut\u00e9s et des nouveaux outils pour freelances.","sameAs":["https:\/\/www.linkedin.com\/in\/martyaude\/"],"url":"https:\/\/www.codeur.com\/blog\/author\/aude\/"}]}},"_links":{"self":[{"href":"https:\/\/www.codeur.com\/blog\/wp-json\/wp\/v2\/posts\/79303","targetHints":{"allow":["GET"]}}],"collection":[{"href":"https:\/\/www.codeur.com\/blog\/wp-json\/wp\/v2\/posts"}],"about":[{"href":"https:\/\/www.codeur.com\/blog\/wp-json\/wp\/v2\/types\/post"}],"author":[{"embeddable":true,"href":"https:\/\/www.codeur.com\/blog\/wp-json\/wp\/v2\/users\/67"}],"replies":[{"embeddable":true,"href":"https:\/\/www.codeur.com\/blog\/wp-json\/wp\/v2\/comments?post=79303"}],"version-history":[{"count":0,"href":"https:\/\/www.codeur.com\/blog\/wp-json\/wp\/v2\/posts\/79303\/revisions"}],"wp:featuredmedia":[{"embeddable":true,"href":"https:\/\/www.codeur.com\/blog\/wp-json\/wp\/v2\/media\/79465"}],"wp:attachment":[{"href":"https:\/\/www.codeur.com\/blog\/wp-json\/wp\/v2\/media?parent=79303"}],"wp:term":[{"taxonomy":"category","embeddable":true,"href":"https:\/\/www.codeur.com\/blog\/wp-json\/wp\/v2\/categories?post=79303"},{"taxonomy":"post_tag","embeddable":true,"href":"https:\/\/www.codeur.com\/blog\/wp-json\/wp\/v2\/tags?post=79303"}],"curies":[{"name":"wp","href":"https:\/\/api.w.org\/{rel}","templated":true}]}}