{"id":74933,"date":"2023-09-05T08:30:00","date_gmt":"2023-09-05T06:30:00","guid":{"rendered":"https:\/\/www.codeur.com\/blog\/?p=74933"},"modified":"2025-09-11T15:33:43","modified_gmt":"2025-09-11T13:33:43","slug":"my-facturation","status":"publish","type":"post","link":"https:\/\/www.codeur.com\/blog\/my-facturation\/","title":{"rendered":"MY.Facturation&nbsp;: l&#8217;outil de facturation \u00e9lectronique et de gestion pour les TPE-PME"},"content":{"rendered":"\n<p>La r\u00e9forme de la facturation \u00e9lectronique rentrera prochainement en vigueur. D\u00e8s lors, les entreprises seront contraintes de se plier aux exigences r\u00e9glementaires, en utilisant uniquement des factures d\u00e9mat\u00e9rialis\u00e9es.<\/p>\n\n\n\n<p>Dans ce contexte, <a href=\"https:\/\/www.myfacturation.com\/\" target=\"_blank\" rel=\"noreferrer noopener sponsored\">MY.Facturation<\/a> se pr\u00e9sente comme un outil puissant et complet, pour vous permettre de cr\u00e9er, g\u00e9rer et suivre vos factures \u00e9lectroniques avec simplicit\u00e9 et efficacit\u00e9.<\/p>\n\n\n\n<h2 class=\"wp-block-heading\">1. La cr\u00e9ation de vos factures au format Facture-X<\/h2>\n\n\n\n<p>Avec la mise en place de la r\u00e9forme pour <a href=\"https:\/\/www.codeur.com\/blog\/logiciel-facturation-electronique\/\">les logiciels de facturation \u00e9lectronique<\/a>, il devient essentiel pour les entreprises de se conformer aux nouvelles r\u00e9glementations concernant le format des factures.<\/p>\n\n\n\n<p>MY.Facturation r\u00e9pond \u00e0 cette exigence en vous permettant de cr\u00e9er gratuitement vos factures au format Facture-X, un format lisible en PDF, mais comportant des donn\u00e9es structur\u00e9es pour une parfaite int\u00e9gration dans les syst\u00e8mes d&#8217;information. <\/p>\n\n\n\n<blockquote class=\"wp-block-quote is-layout-flow wp-block-quote-is-layout-flow\">\n<p>L&#8217;utilisation du format Facture-X sera tr\u00e8s prochainement un standard qui facilitera les \u00e9changes avec les clients et les partenaires commerciaux, tout en renfor\u00e7ant la fluidit\u00e9 des transactions et l&#8217;efficacit\u00e9 du processus de facturation.<\/p>\n<\/blockquote>\n\n\n\n<h2 class=\"wp-block-heading\">2. La gestion des devis et contrats<\/h2>\n\n\n\n<p>MY.Facturation est une solution tout-en-un qui permet aussi de g\u00e9rer les devis et contrats. Avec cet outil, votre entreprise pourra cr\u00e9er et envoyer ses devis et\/ou contrats par mail en quelques clics, ce qui optimisera aussi votre processus commercial.<\/p>\n\n\n\n<p>De plus, l&#8217;<a href=\"https:\/\/www.codeur.com\/blog\/logiciel-devis\/\">outil de devis<\/a> offre aussi des fonctionnalit\u00e9s de relances automatis\u00e9es des devis non sign\u00e9s, pour acc\u00e9l\u00e9rer le processus de signature et de conversion des devis en factures.<\/p>\n\n\n\n<p>La signature \u00e9lectronique est elle aussi int\u00e9gr\u00e9e, ce qui permet aux clients de signer leurs contrats directement en ligne. L\u00e0 encore, cette fonctionnalit\u00e9 am\u00e9liore la r\u00e9activit\u00e9 et la r\u00e9duction des d\u00e9lais de traitement.<\/p>\n\n\n\n<h2 class=\"wp-block-heading\">3. Un meilleur suivi de l&#8217;activit\u00e9 de votre entreprise<\/h2>\n\n\n\n<figure class=\"wp-block-image size-large\"><img decoding=\"async\" width=\"1024\" height=\"768\" src=\"https:\/\/www.codeur.com\/blog\/wp-content\/uploads\/2023\/07\/flying-triple-iphone-13-pro-graphite-mockup-template-1024x768.png\" alt=\"MY.Facturation\" class=\"wp-image-74935\" srcset=\"https:\/\/www.codeur.com\/blog\/wp-content\/uploads\/2023\/07\/flying-triple-iphone-13-pro-graphite-mockup-template-1024x768.png 1024w, https:\/\/www.codeur.com\/blog\/wp-content\/uploads\/2023\/07\/flying-triple-iphone-13-pro-graphite-mockup-template-300x225.png 300w, https:\/\/www.codeur.com\/blog\/wp-content\/uploads\/2023\/07\/flying-triple-iphone-13-pro-graphite-mockup-template-768x576.png 768w, https:\/\/www.codeur.com\/blog\/wp-content\/uploads\/2023\/07\/flying-triple-iphone-13-pro-graphite-mockup-template-60x45.png 60w, https:\/\/www.codeur.com\/blog\/wp-content\/uploads\/2023\/07\/flying-triple-iphone-13-pro-graphite-mockup-template-370x278.png 370w, https:\/\/www.codeur.com\/blog\/wp-content\/uploads\/2023\/07\/flying-triple-iphone-13-pro-graphite-mockup-template-270x203.png 270w, https:\/\/www.codeur.com\/blog\/wp-content\/uploads\/2023\/07\/flying-triple-iphone-13-pro-graphite-mockup-template-570x428.png 570w, https:\/\/www.codeur.com\/blog\/wp-content\/uploads\/2023\/07\/flying-triple-iphone-13-pro-graphite-mockup-template-740x555.png 740w, https:\/\/www.codeur.com\/blog\/wp-content\/uploads\/2023\/07\/flying-triple-iphone-13-pro-graphite-mockup-template-80x60.png 80w, https:\/\/www.codeur.com\/blog\/wp-content\/uploads\/2023\/07\/flying-triple-iphone-13-pro-graphite-mockup-template.png 1400w\" sizes=\"(max-width: 1024px) 100vw, 1024px\" \/><\/figure>\n\n\n\n<p>MY.Facturation fournit des tableaux de bord \u00e9volutifs. Ces derniers offrent un aper\u00e7u global des \u00e9tats de facturation et des<a href=\"https:\/\/www.myfacturation.com\/creez-et-gerez-vos-clients\" target=\"_blank\" rel=\"noreferrer noopener sponsored\"> clients de l&#8217;entreprise<\/a>. Ils vous permettront d&#8217;avoir une vision claire et actualis\u00e9e de votre chiffre d&#8217;affaires, de votre nombre de devis, de vos factures et de vos <a href=\"https:\/\/www.codeur.com\/blog\/freelance-eviter-les-impayes\/\">impay\u00e9s<\/a>. <\/p>\n\n\n\n<p>Par lien de cause \u00e0 effet, tout cela facilite \u00e9galement le suivi des relances \u00e0 effectuer et des paiements en retard. L&#8217;objectif&nbsp;? Vous aider \u00e0 maintenir un suivi de votre activit\u00e9. <\/p>\n\n\n\n<p>En outre, MY.Facturation peut aussi vous octroyer des tableaux de bord sp\u00e9cifiques pour chacun de vos clients, pour un suivi individualis\u00e9 et personnalis\u00e9 de l&#8217;activit\u00e9 de chacun de vos interlocuteurs. Gr\u00e2ce \u00e0 cela, comprenez plus ais\u00e9ment les besoins, les attentes et le mode de fonctionnement de chacun d&#8217;eux\u2026 Renforcez votre relation commerciale&nbsp;!<\/p>\n\n\n\n<h2 class=\"wp-block-heading\">4. L&#8217;export de vos donn\u00e9es comptables<\/h2>\n\n\n\n<p>L&#8217;export des donn\u00e9es comptables est un autre aspect essentiel pour les entreprises, qui permet de faciliter le travail des cabinets comptables et de simplifier le processus de gestion financi\u00e8re dans son ensemble.<\/p>\n\n\n\n<p>L\u00e0 encore, MY.Facturation r\u00e9pond pr\u00e9sent et offre un export au format FEC (Fichier des \u00c9critures Comptables) vers les cabinets comptables, pour permettre une communication plus fluide des donn\u00e9es, tout en assurant leur s\u00e9curisation et leur confidentialit\u00e9. <\/p>\n\n\n\n<blockquote class=\"wp-block-quote is-layout-flow wp-block-quote-is-layout-flow\">\n<p>Pratique, l&#8217;outil int\u00e8gre une plateforme multi-utilisateurs. C&#8217;est elle qui vous donnera la possibilit\u00e9 de donner un acc\u00e8s \u00e0 vos documents \u00e0 votre comptable.<\/p>\n<\/blockquote>\n\n\n\n<h2 class=\"wp-block-heading\">5. Vos notes, rappels et to-do lists en quelques clics<\/h2>\n\n\n\n<p>Rappelons-le&nbsp;: l&#8217;objectif de MY.Facturation n&#8217;est pas uniquement de conformer votre activit\u00e9 aux nouvelles dispositions r\u00e9glementaires. Cet outil est aussi id\u00e9alement pens\u00e9 pour vous faire gagner en productivit\u00e9 et vous permettre de ne rien oublier&nbsp;!<\/p>\n\n\n\n<p>MY.Facturation permet \u00e0 ses utilisateurs de prendre des notes directement dans l&#8217;<a href=\"https:\/\/www.codeur.com\/blog\/outils-facture-freelance\/\">outil de facturation en ligne<\/a>, avec la possibilit\u00e9 de planifier des rappels \u00e0 partir de ces m\u00e9mos.<\/p>\n\n\n\n<p>Cette fonctionnalit\u00e9 promet d\u00e9j\u00e0 de faciliter la gestion de vos t\u00e2ches quotidiennes, toujours dans le but d&#8217;am\u00e9liorer l&#8217;efficacit\u00e9 de vos processus internes. Avec MY.Facturation, organisez et planifiez les t\u00e2ches \u00e0 effectuer pour gagner en productivit\u00e9 et en satisfaction clients.<\/p>\n\n\n\n<h2 class=\"wp-block-heading\">MY.Facturation en r\u00e9sum\u00e9<\/h2>\n\n\n\n<p>Vous l&#8217;aurez compris, MY.Facturation se pr\u00e9sente d&#8217;ores et d\u00e9j\u00e0 comme un outil puissant et complet, id\u00e9alement con\u00e7u pour les entreprises cherchant \u00e0 mieux g\u00e9rer leurs factures d\u00e9mat\u00e9rialis\u00e9es. <\/p>\n\n\n\n<p>Avec ses fonctionnalit\u00e9s de cr\u00e9ation de factures au format Facture-X, de gestion des devis et contrats, de suivi d&#8217;activit\u00e9 et d&#8217;export de donn\u00e9es comptables, il est une solution tout-en-un pour une facturation \u00e9lectronique efficace et conforme aux nouvelles normes. <\/p>\n\n\n\n<p>Gr\u00e2ce \u00e0 MY.Facturation, gagnez en productivit\u00e9 et am\u00e9liorez la gestion de votre entreprise. Op\u00e9rez d\u00e8s \u00e0 pr\u00e9sent les changements n\u00e9cessaires \u00e0 l&#8217;application de la d\u00e9mat\u00e9rialisation des factures. Dans le m\u00eame temps, contribuez \u00e0 renforcer votre comp\u00e9titivit\u00e9 sur le march\u00e9 et soyez acteur du changement&nbsp;!<\/p>\n\n\n\n<div class=\"wp-block-buttons is-content-justification-center is-layout-flex wp-container-core-buttons-is-layout-16018d1d wp-block-buttons-is-layout-flex\">\n<div class=\"wp-block-button btn btn-primary\"><a class=\"wp-block-button__link wp-element-button\" href=\"https:\/\/www.myfacturation.com\/\" target=\"_blank\" rel=\"sponsored noopener\">tester MY.facturation<\/a><\/div>\n<\/div>\n","protected":false},"excerpt":{"rendered":"<p>La r\u00e9forme de la facturation \u00e9lectronique rentrera prochainement en vigueur. D\u00e8s lors, les entreprises seront contraintes de se plier aux exigences r\u00e9glementaires, en utilisant uniquement des factures d\u00e9mat\u00e9rialis\u00e9es. Dans ce contexte, MY.Facturation se pr\u00e9sente comme un outil puissant et complet, pour vous permettre de cr\u00e9er, g\u00e9rer et suivre vos factures \u00e9lectroniques avec simplicit\u00e9 et efficacit\u00e9. [&hellip;]<\/p>\n","protected":false},"author":5,"featured_media":74934,"comment_status":"closed","ping_status":"closed","sticky":false,"template":"","format":"standard","meta":{"_acf_changed":false,"inline_featured_image":false,"footnotes":""},"categories":[20],"tags":[13],"class_list":["post-74933","post","type-post","status-publish","format-standard","has-post-thumbnail","hentry","category-gestion","tag-sponso"],"acf":[],"yoast_head":"<!-- This site is optimized with the Yoast SEO plugin v25.9 - https:\/\/yoast.com\/wordpress\/plugins\/seo\/ -->\n<title>MY.Facturation : l&#039;outil de facturation \u00e9lectronique et de gestion pour les TPE-PME<\/title>\n<meta name=\"description\" content=\"La r\u00e9forme de la facturation \u00e9lectronique rentrera prochainement en vigueur. D\u00e8s lors, les entreprises seront contraintes de se plier aux exigences\" \/>\n<meta name=\"robots\" content=\"index, follow, max-snippet:-1, max-image-preview:large, max-video-preview:-1\" \/>\n<link rel=\"canonical\" href=\"https:\/\/www.codeur.com\/blog\/my-facturation\/\" \/>\n<meta property=\"og:locale\" content=\"fr_FR\" \/>\n<meta property=\"og:type\" content=\"article\" \/>\n<meta property=\"og:title\" content=\"MY.Facturation : l&#039;outil de facturation \u00e9lectronique et de gestion pour les TPE-PME\" \/>\n<meta property=\"og:description\" content=\"La r\u00e9forme de la facturation \u00e9lectronique rentrera prochainement en vigueur. D\u00e8s lors, les entreprises seront contraintes de se plier aux exigences\" \/>\n<meta property=\"og:url\" content=\"https:\/\/www.codeur.com\/blog\/my-facturation\/\" \/>\n<meta property=\"og:site_name\" content=\"Codeur.com\" \/>\n<meta property=\"article:publisher\" content=\"https:\/\/fr-fr.facebook.com\/codeurfreelance\/\" \/>\n<meta property=\"article:published_time\" content=\"2023-09-05T06:30:00+00:00\" \/>\n<meta property=\"article:modified_time\" content=\"2025-09-11T13:33:43+00:00\" \/>\n<meta property=\"og:image\" content=\"https:\/\/www.codeur.com\/blog\/wp-content\/uploads\/2023\/07\/my-facturation.jpg\" \/>\n\t<meta property=\"og:image:width\" content=\"1024\" \/>\n\t<meta property=\"og:image:height\" content=\"618\" \/>\n\t<meta property=\"og:image:type\" content=\"image\/jpeg\" \/>\n<meta name=\"author\" content=\"Thomas Lazzaroni\" \/>\n<meta name=\"twitter:card\" content=\"summary_large_image\" \/>\n<meta name=\"twitter:creator\" content=\"@totolazza\" \/>\n<meta name=\"twitter:site\" content=\"@codeur\" \/>\n<meta name=\"twitter:label1\" content=\"\u00c9crit par\" \/>\n\t<meta name=\"twitter:data1\" content=\"Thomas Lazzaroni\" \/>\n\t<meta name=\"twitter:label2\" content=\"Dur\u00e9e de lecture estim\u00e9e\" \/>\n\t<meta name=\"twitter:data2\" content=\"4 minutes\" \/>\n<script type=\"application\/ld+json\" class=\"yoast-schema-graph\">{\"@context\":\"https:\/\/schema.org\",\"@graph\":[{\"@type\":\"Article\",\"@id\":\"https:\/\/www.codeur.com\/blog\/my-facturation\/#article\",\"isPartOf\":{\"@id\":\"https:\/\/www.codeur.com\/blog\/my-facturation\/\"},\"author\":{\"name\":\"Thomas Lazzaroni\",\"@id\":\"https:\/\/www.codeur.com\/blog\/#\/schema\/person\/cc3b0a678aeffcae19ecc599eaf679e5\"},\"headline\":\"MY.Facturation&nbsp;: l&#8217;outil de facturation \u00e9lectronique et de gestion pour les TPE-PME\",\"datePublished\":\"2023-09-05T06:30:00+00:00\",\"dateModified\":\"2025-09-11T13:33:43+00:00\",\"mainEntityOfPage\":{\"@id\":\"https:\/\/www.codeur.com\/blog\/my-facturation\/\"},\"wordCount\":841,\"publisher\":{\"@id\":\"https:\/\/www.codeur.com\/blog\/#organization\"},\"image\":{\"@id\":\"https:\/\/www.codeur.com\/blog\/my-facturation\/#primaryimage\"},\"thumbnailUrl\":\"https:\/\/www.codeur.com\/blog\/wp-content\/uploads\/2023\/07\/my-facturation.jpg\",\"keywords\":[\"Sponsoris\u00e9\"],\"articleSection\":[\"Gestion\"],\"inLanguage\":\"fr-FR\"},{\"@type\":\"WebPage\",\"@id\":\"https:\/\/www.codeur.com\/blog\/my-facturation\/\",\"url\":\"https:\/\/www.codeur.com\/blog\/my-facturation\/\",\"name\":\"MY.Facturation : l'outil de facturation \u00e9lectronique et de gestion pour les TPE-PME\",\"isPartOf\":{\"@id\":\"https:\/\/www.codeur.com\/blog\/#website\"},\"primaryImageOfPage\":{\"@id\":\"https:\/\/www.codeur.com\/blog\/my-facturation\/#primaryimage\"},\"image\":{\"@id\":\"https:\/\/www.codeur.com\/blog\/my-facturation\/#primaryimage\"},\"thumbnailUrl\":\"https:\/\/www.codeur.com\/blog\/wp-content\/uploads\/2023\/07\/my-facturation.jpg\",\"datePublished\":\"2023-09-05T06:30:00+00:00\",\"dateModified\":\"2025-09-11T13:33:43+00:00\",\"description\":\"La r\u00e9forme de la facturation \u00e9lectronique rentrera prochainement en vigueur. D\u00e8s lors, les entreprises seront contraintes de se plier aux exigences\",\"breadcrumb\":{\"@id\":\"https:\/\/www.codeur.com\/blog\/my-facturation\/#breadcrumb\"},\"inLanguage\":\"fr-FR\",\"potentialAction\":[{\"@type\":\"ReadAction\",\"target\":[\"https:\/\/www.codeur.com\/blog\/my-facturation\/\"]}]},{\"@type\":\"ImageObject\",\"inLanguage\":\"fr-FR\",\"@id\":\"https:\/\/www.codeur.com\/blog\/my-facturation\/#primaryimage\",\"url\":\"https:\/\/www.codeur.com\/blog\/wp-content\/uploads\/2023\/07\/my-facturation.jpg\",\"contentUrl\":\"https:\/\/www.codeur.com\/blog\/wp-content\/uploads\/2023\/07\/my-facturation.jpg\",\"width\":1024,\"height\":618,\"caption\":\"MY.Facturation\"},{\"@type\":\"BreadcrumbList\",\"@id\":\"https:\/\/www.codeur.com\/blog\/my-facturation\/#breadcrumb\",\"itemListElement\":[{\"@type\":\"ListItem\",\"position\":1,\"name\":\"Blog\",\"item\":\"https:\/\/www.codeur.com\/blog\/\"},{\"@type\":\"ListItem\",\"position\":2,\"name\":\"Business\",\"item\":\"https:\/\/www.codeur.com\/blog\/business\/\"},{\"@type\":\"ListItem\",\"position\":3,\"name\":\"Gestion\",\"item\":\"https:\/\/www.codeur.com\/blog\/business\/gestion\/\"},{\"@type\":\"ListItem\",\"position\":4,\"name\":\"MY.Facturation&nbsp;: l&#8217;outil de facturation \u00e9lectronique et de gestion pour les TPE-PME\"}]},{\"@type\":\"WebSite\",\"@id\":\"https:\/\/www.codeur.com\/blog\/#website\",\"url\":\"https:\/\/www.codeur.com\/blog\/\",\"name\":\"Codeur.com\",\"description\":\"codeur\",\"publisher\":{\"@id\":\"https:\/\/www.codeur.com\/blog\/#organization\"},\"potentialAction\":[{\"@type\":\"SearchAction\",\"target\":{\"@type\":\"EntryPoint\",\"urlTemplate\":\"https:\/\/www.codeur.com\/blog\/?s={search_term_string}\"},\"query-input\":{\"@type\":\"PropertyValueSpecification\",\"valueRequired\":true,\"valueName\":\"search_term_string\"}}],\"inLanguage\":\"fr-FR\"},{\"@type\":\"Organization\",\"@id\":\"https:\/\/www.codeur.com\/blog\/#organization\",\"name\":\"Codeur.com\",\"url\":\"https:\/\/www.codeur.com\/blog\/\",\"logo\":{\"@type\":\"ImageObject\",\"inLanguage\":\"fr-FR\",\"@id\":\"https:\/\/www.codeur.com\/blog\/#\/schema\/logo\/image\/\",\"url\":\"https:\/\/www.codeur.com\/blog\/wp-content\/uploads\/2022\/04\/logo-codeur-com.png\",\"contentUrl\":\"https:\/\/www.codeur.com\/blog\/wp-content\/uploads\/2022\/04\/logo-codeur-com.png\",\"width\":2560,\"height\":465,\"caption\":\"Codeur.com\"},\"image\":{\"@id\":\"https:\/\/www.codeur.com\/blog\/#\/schema\/logo\/image\/\"},\"sameAs\":[\"https:\/\/fr-fr.facebook.com\/codeurfreelance\/\",\"https:\/\/x.com\/codeur\",\"https:\/\/www.linkedin.com\/company\/codeur\/\",\"https:\/\/www.youtube.com\/channel\/UCgj9ySM9xy3gdL8qBafl9Uw\"]},{\"@type\":\"Person\",\"@id\":\"https:\/\/www.codeur.com\/blog\/#\/schema\/person\/cc3b0a678aeffcae19ecc599eaf679e5\",\"name\":\"Thomas Lazzaroni\",\"image\":{\"@type\":\"ImageObject\",\"inLanguage\":\"fr-FR\",\"@id\":\"https:\/\/www.codeur.com\/blog\/#\/schema\/person\/image\/\",\"url\":\"https:\/\/secure.gravatar.com\/avatar\/7306fb87b7017ab0955d07c2f2b771ac79e91965a2fca514df0c043f7c087fd2?s=96&d=mm&r=g\",\"contentUrl\":\"https:\/\/secure.gravatar.com\/avatar\/7306fb87b7017ab0955d07c2f2b771ac79e91965a2fca514df0c043f7c087fd2?s=96&d=mm&r=g\",\"caption\":\"Thomas Lazzaroni\"},\"description\":\"Depuis plus de 10 ans, je contribue \u00e0 faire rayonner nos sites en imaginant des strat\u00e9gies qui renforcent notre visibilit\u00e9 et notre position de r\u00e9f\u00e9rence.\",\"sameAs\":[\"https:\/\/totolazza.com\",\"https:\/\/www.linkedin.com\/in\/thomaslazzaroni\/\",\"https:\/\/x.com\/totolazza\"],\"url\":\"https:\/\/www.codeur.com\/blog\/author\/thomas\/\"}]}<\/script>\n<!-- \/ Yoast SEO plugin. -->","yoast_head_json":{"title":"MY.Facturation : l'outil de facturation \u00e9lectronique et de gestion pour les TPE-PME","description":"La r\u00e9forme de la facturation \u00e9lectronique rentrera prochainement en vigueur. D\u00e8s lors, les entreprises seront contraintes de se plier aux exigences","robots":{"index":"index","follow":"follow","max-snippet":"max-snippet:-1","max-image-preview":"max-image-preview:large","max-video-preview":"max-video-preview:-1"},"canonical":"https:\/\/www.codeur.com\/blog\/my-facturation\/","og_locale":"fr_FR","og_type":"article","og_title":"MY.Facturation : l'outil de facturation \u00e9lectronique et de gestion pour les TPE-PME","og_description":"La r\u00e9forme de la facturation \u00e9lectronique rentrera prochainement en vigueur. D\u00e8s lors, les entreprises seront contraintes de se plier aux exigences","og_url":"https:\/\/www.codeur.com\/blog\/my-facturation\/","og_site_name":"Codeur.com","article_publisher":"https:\/\/fr-fr.facebook.com\/codeurfreelance\/","article_published_time":"2023-09-05T06:30:00+00:00","article_modified_time":"2025-09-11T13:33:43+00:00","og_image":[{"width":1024,"height":618,"url":"https:\/\/www.codeur.com\/blog\/wp-content\/uploads\/2023\/07\/my-facturation.jpg","type":"image\/jpeg"}],"author":"Thomas Lazzaroni","twitter_card":"summary_large_image","twitter_creator":"@totolazza","twitter_site":"@codeur","twitter_misc":{"\u00c9crit par":"Thomas Lazzaroni","Dur\u00e9e de lecture estim\u00e9e":"4 minutes"},"schema":{"@context":"https:\/\/schema.org","@graph":[{"@type":"Article","@id":"https:\/\/www.codeur.com\/blog\/my-facturation\/#article","isPartOf":{"@id":"https:\/\/www.codeur.com\/blog\/my-facturation\/"},"author":{"name":"Thomas Lazzaroni","@id":"https:\/\/www.codeur.com\/blog\/#\/schema\/person\/cc3b0a678aeffcae19ecc599eaf679e5"},"headline":"MY.Facturation&nbsp;: l&#8217;outil de facturation \u00e9lectronique et de gestion pour les TPE-PME","datePublished":"2023-09-05T06:30:00+00:00","dateModified":"2025-09-11T13:33:43+00:00","mainEntityOfPage":{"@id":"https:\/\/www.codeur.com\/blog\/my-facturation\/"},"wordCount":841,"publisher":{"@id":"https:\/\/www.codeur.com\/blog\/#organization"},"image":{"@id":"https:\/\/www.codeur.com\/blog\/my-facturation\/#primaryimage"},"thumbnailUrl":"https:\/\/www.codeur.com\/blog\/wp-content\/uploads\/2023\/07\/my-facturation.jpg","keywords":["Sponsoris\u00e9"],"articleSection":["Gestion"],"inLanguage":"fr-FR"},{"@type":"WebPage","@id":"https:\/\/www.codeur.com\/blog\/my-facturation\/","url":"https:\/\/www.codeur.com\/blog\/my-facturation\/","name":"MY.Facturation : l'outil de facturation \u00e9lectronique et de gestion pour les TPE-PME","isPartOf":{"@id":"https:\/\/www.codeur.com\/blog\/#website"},"primaryImageOfPage":{"@id":"https:\/\/www.codeur.com\/blog\/my-facturation\/#primaryimage"},"image":{"@id":"https:\/\/www.codeur.com\/blog\/my-facturation\/#primaryimage"},"thumbnailUrl":"https:\/\/www.codeur.com\/blog\/wp-content\/uploads\/2023\/07\/my-facturation.jpg","datePublished":"2023-09-05T06:30:00+00:00","dateModified":"2025-09-11T13:33:43+00:00","description":"La r\u00e9forme de la facturation \u00e9lectronique rentrera prochainement en vigueur. D\u00e8s lors, les entreprises seront contraintes de se plier aux exigences","breadcrumb":{"@id":"https:\/\/www.codeur.com\/blog\/my-facturation\/#breadcrumb"},"inLanguage":"fr-FR","potentialAction":[{"@type":"ReadAction","target":["https:\/\/www.codeur.com\/blog\/my-facturation\/"]}]},{"@type":"ImageObject","inLanguage":"fr-FR","@id":"https:\/\/www.codeur.com\/blog\/my-facturation\/#primaryimage","url":"https:\/\/www.codeur.com\/blog\/wp-content\/uploads\/2023\/07\/my-facturation.jpg","contentUrl":"https:\/\/www.codeur.com\/blog\/wp-content\/uploads\/2023\/07\/my-facturation.jpg","width":1024,"height":618,"caption":"MY.Facturation"},{"@type":"BreadcrumbList","@id":"https:\/\/www.codeur.com\/blog\/my-facturation\/#breadcrumb","itemListElement":[{"@type":"ListItem","position":1,"name":"Blog","item":"https:\/\/www.codeur.com\/blog\/"},{"@type":"ListItem","position":2,"name":"Business","item":"https:\/\/www.codeur.com\/blog\/business\/"},{"@type":"ListItem","position":3,"name":"Gestion","item":"https:\/\/www.codeur.com\/blog\/business\/gestion\/"},{"@type":"ListItem","position":4,"name":"MY.Facturation&nbsp;: l&#8217;outil de facturation \u00e9lectronique et de gestion pour les TPE-PME"}]},{"@type":"WebSite","@id":"https:\/\/www.codeur.com\/blog\/#website","url":"https:\/\/www.codeur.com\/blog\/","name":"Codeur.com","description":"codeur","publisher":{"@id":"https:\/\/www.codeur.com\/blog\/#organization"},"potentialAction":[{"@type":"SearchAction","target":{"@type":"EntryPoint","urlTemplate":"https:\/\/www.codeur.com\/blog\/?s={search_term_string}"},"query-input":{"@type":"PropertyValueSpecification","valueRequired":true,"valueName":"search_term_string"}}],"inLanguage":"fr-FR"},{"@type":"Organization","@id":"https:\/\/www.codeur.com\/blog\/#organization","name":"Codeur.com","url":"https:\/\/www.codeur.com\/blog\/","logo":{"@type":"ImageObject","inLanguage":"fr-FR","@id":"https:\/\/www.codeur.com\/blog\/#\/schema\/logo\/image\/","url":"https:\/\/www.codeur.com\/blog\/wp-content\/uploads\/2022\/04\/logo-codeur-com.png","contentUrl":"https:\/\/www.codeur.com\/blog\/wp-content\/uploads\/2022\/04\/logo-codeur-com.png","width":2560,"height":465,"caption":"Codeur.com"},"image":{"@id":"https:\/\/www.codeur.com\/blog\/#\/schema\/logo\/image\/"},"sameAs":["https:\/\/fr-fr.facebook.com\/codeurfreelance\/","https:\/\/x.com\/codeur","https:\/\/www.linkedin.com\/company\/codeur\/","https:\/\/www.youtube.com\/channel\/UCgj9ySM9xy3gdL8qBafl9Uw"]},{"@type":"Person","@id":"https:\/\/www.codeur.com\/blog\/#\/schema\/person\/cc3b0a678aeffcae19ecc599eaf679e5","name":"Thomas Lazzaroni","image":{"@type":"ImageObject","inLanguage":"fr-FR","@id":"https:\/\/www.codeur.com\/blog\/#\/schema\/person\/image\/","url":"https:\/\/secure.gravatar.com\/avatar\/7306fb87b7017ab0955d07c2f2b771ac79e91965a2fca514df0c043f7c087fd2?s=96&d=mm&r=g","contentUrl":"https:\/\/secure.gravatar.com\/avatar\/7306fb87b7017ab0955d07c2f2b771ac79e91965a2fca514df0c043f7c087fd2?s=96&d=mm&r=g","caption":"Thomas Lazzaroni"},"description":"Depuis plus de 10 ans, je contribue \u00e0 faire rayonner nos sites en imaginant des strat\u00e9gies qui renforcent notre visibilit\u00e9 et notre position de r\u00e9f\u00e9rence.","sameAs":["https:\/\/totolazza.com","https:\/\/www.linkedin.com\/in\/thomaslazzaroni\/","https:\/\/x.com\/totolazza"],"url":"https:\/\/www.codeur.com\/blog\/author\/thomas\/"}]}},"_links":{"self":[{"href":"https:\/\/www.codeur.com\/blog\/wp-json\/wp\/v2\/posts\/74933","targetHints":{"allow":["GET"]}}],"collection":[{"href":"https:\/\/www.codeur.com\/blog\/wp-json\/wp\/v2\/posts"}],"about":[{"href":"https:\/\/www.codeur.com\/blog\/wp-json\/wp\/v2\/types\/post"}],"author":[{"embeddable":true,"href":"https:\/\/www.codeur.com\/blog\/wp-json\/wp\/v2\/users\/5"}],"replies":[{"embeddable":true,"href":"https:\/\/www.codeur.com\/blog\/wp-json\/wp\/v2\/comments?post=74933"}],"version-history":[{"count":0,"href":"https:\/\/www.codeur.com\/blog\/wp-json\/wp\/v2\/posts\/74933\/revisions"}],"wp:featuredmedia":[{"embeddable":true,"href":"https:\/\/www.codeur.com\/blog\/wp-json\/wp\/v2\/media\/74934"}],"wp:attachment":[{"href":"https:\/\/www.codeur.com\/blog\/wp-json\/wp\/v2\/media?parent=74933"}],"wp:term":[{"taxonomy":"category","embeddable":true,"href":"https:\/\/www.codeur.com\/blog\/wp-json\/wp\/v2\/categories?post=74933"},{"taxonomy":"post_tag","embeddable":true,"href":"https:\/\/www.codeur.com\/blog\/wp-json\/wp\/v2\/tags?post=74933"}],"curies":[{"name":"wp","href":"https:\/\/api.w.org\/{rel}","templated":true}]}}