{"id":74120,"date":"2023-06-07T08:30:00","date_gmt":"2023-06-07T06:30:00","guid":{"rendered":"https:\/\/www.codeur.com\/blog\/?p=74120"},"modified":"2025-09-08T14:52:18","modified_gmt":"2025-09-08T12:52:18","slug":"creer-application-apple-vision-pro","status":"publish","type":"post","link":"https:\/\/www.codeur.com\/blog\/creer-application-apple-vision-pro\/","title":{"rendered":"Quelle application cr\u00e9er pour le casque Apple Vision Pro&nbsp;?"},"content":{"rendered":"\n<p>Le g\u00e9ant \u00e0 la pomme entre en fanfare sur le march\u00e9 de la r\u00e9alit\u00e9 augment\u00e9e avec son casque Apple Vision Pro. Une r\u00e9volution qui va connecter le monde physique et virtuel, comme personne ne l\u2019a encore imagin\u00e9.<\/p>\n\n\n\n<p>Pour les entreprises, il est l\u2019heure de r\u00e9fl\u00e9chir \u00e0 cr\u00e9er une application pour Apple Vision Pro d\u00e8s maintenant. Pensez \u00e0 faire appel \u00e0 un <a href=\"https:\/\/www.codeur.com\/developpeur\/realite-virtuelle\" target=\"_blank\" rel=\"noreferrer noopener\">d\u00e9veloppeur VR freelance<\/a> pour vous accompagner dans la conqu\u00eate du metavers.<\/p>\n\n\n\n<p>Quelles sont les fonctionnalit\u00e9s de ce prestigieux casque de r\u00e9alit\u00e9 virtuelle&nbsp;? Quelle application cr\u00e9er pour les futurs utilisateurs de Vision Pro&nbsp;? Comment r\u00e9inventer vos outils d\u00e9j\u00e0 existants&nbsp;? On vous dit tout&nbsp;!<\/p>\n\n\n\n<h2 class=\"wp-block-heading\">Apple Vision Pro&nbsp;: le casque de r\u00e9alit\u00e9 augment\u00e9e haut de gamme<\/h2>\n\n\n\n<p>Lors de la Worldwide Developers Conference 2023, Apple a d\u00e9voil\u00e9 son casque de r\u00e9alit\u00e9 mixte tant attendu&nbsp;! Nomm\u00e9 \u00ab&nbsp;Vision Pro&nbsp;\u00bb, cet accessoire haut de gamme, qui sortira d\u00e9but 2024 aux \u00c9tats-Unis, risque d\u2019impacter fortement l&#8217;avenir du m\u00e9tavers. \u00cates-vous pr\u00eat&nbsp;?<\/p>\n\n\n\n<p>Ce casque qui combine r\u00e9alit\u00e9 virtuelle et r\u00e9alit\u00e9 augment\u00e9e sera utilis\u00e9 aussi bien pour les jeux, que la communication, la photo, la consommation de vid\u00e9os et la productivit\u00e9 des entreprises. C\u2019est d\u2019ailleurs envers les professionnels et industriels qu\u2019Apple se tourne en premier lieu. Avec un prix de 3&nbsp;499 dollars, le casque Apple Vision Pro s\u2019adresse surtout aux entreprises qui veulent proposer une nouvelle exp\u00e9rience immersive \u00e0 leurs collaborateurs ou \u00e0 leurs clients. Un autre casque, plus grand public et plus accessible, sera certainement propos\u00e9 dans un second temps.<\/p>\n\n\n\n<iframe width=\"560\" height=\"315\" src=\"https:\/\/www.youtube.com\/embed\/TX9qSaGXFyg\" title=\"YouTube video player\" frameborder=\"0\" allow=\"accelerometer; autoplay; clipboard-write; encrypted-media; gyroscope; picture-in-picture; web-share\" allowfullscreen=\"\"><\/iframe>\n\n\n\n<h2 class=\"wp-block-heading\">Une exp\u00e9rience d\u2019immersion unique en son genre<\/h2>\n\n\n\n<p>Proposant une r\u00e9alit\u00e9 mixte (r\u00e9elle et virtuelle), l&#8217;Apple Vision Pro renferme une puce M2 et une nouvelle puce R1. Un condens\u00e9 de technologie qui forme un \u00ab&nbsp;<em>nouveau produit r\u00e9volutionnaire&nbsp;<\/em>\u00bb, selon les termes de Tim Cook, patron de la firme \u00e0 la pomme. Ce dernier d\u00e9clare \u00e9galement que&nbsp;:<\/p>\n\n\n\n<blockquote class=\"wp-block-quote is-layout-flow wp-block-quote-is-layout-flow\">\n<p>&#8220;M\u00e9langer les contenus num\u00e9riques avec le monde r\u00e9el va permettre de cr\u00e9er de nouvelles exp\u00e9riences, comme nous n\u2019en avons jamais vues.&#8221;&nbsp;<\/p>\n<cite>&#8211; Tim Cook, patron d&#8217;Apple<\/cite><\/blockquote>\n\n\n\n<p>Avec son design futuriste, compos\u00e9 de verre feuillet\u00e9 form\u00e9 en 3D qui se fond dans un cadre en aluminium, il promet un environnement plus immersif que les autres casques du march\u00e9. L\u2019Apple Vision Pro peut transformer n&#8217;importe quelle pi\u00e8ce en th\u00e9\u00e2tre de jeu ou en bureau de productivit\u00e9&nbsp;! Film ou jeu vid\u00e9o, le casque de r\u00e9alit\u00e9 virtuelle est capable de faire tourner des vid\u00e9os 4K.<\/p>\n\n\n\n<figure class=\"wp-block-image size-full\"><img decoding=\"async\" width=\"980\" height=\"551\" src=\"https:\/\/www.codeur.com\/blog\/wp-content\/uploads\/2023\/06\/Apple-Vision-Pro.jpg\" alt=\"\" class=\"wp-image-74123\" srcset=\"https:\/\/www.codeur.com\/blog\/wp-content\/uploads\/2023\/06\/Apple-Vision-Pro.jpg 980w, https:\/\/www.codeur.com\/blog\/wp-content\/uploads\/2023\/06\/Apple-Vision-Pro-300x169.jpg 300w, https:\/\/www.codeur.com\/blog\/wp-content\/uploads\/2023\/06\/Apple-Vision-Pro-768x432.jpg 768w, https:\/\/www.codeur.com\/blog\/wp-content\/uploads\/2023\/06\/Apple-Vision-Pro-60x34.jpg 60w, https:\/\/www.codeur.com\/blog\/wp-content\/uploads\/2023\/06\/Apple-Vision-Pro-370x208.jpg 370w, https:\/\/www.codeur.com\/blog\/wp-content\/uploads\/2023\/06\/Apple-Vision-Pro-270x152.jpg 270w, https:\/\/www.codeur.com\/blog\/wp-content\/uploads\/2023\/06\/Apple-Vision-Pro-570x320.jpg 570w, https:\/\/www.codeur.com\/blog\/wp-content\/uploads\/2023\/06\/Apple-Vision-Pro-740x416.jpg 740w\" sizes=\"(max-width: 980px) 100vw, 980px\" \/><\/figure>\n\n\n\n<p>Comment tirer profit de ce bijou technologique, qualifi\u00e9 de \u00ab&nbsp;premier ordinateur spacial&nbsp;\u00bb&nbsp;et cr\u00e9er une application pour Apple Vision Pro&nbsp;?<\/p>\n\n\n\n<h2 class=\"wp-block-heading\">4 id\u00e9es d\u2019application \u00e0 cr\u00e9er pour l\u2019Apple Vision Pro<\/h2>\n\n\n\n<p>L\u2019objectif du casque de r\u00e9alit\u00e9 mixte de la firme de Cupertino est de proposer de nouvelles exp\u00e9riences, aussi extraordinaires que r\u00e9elles. Votre application pour Apple Vision Pro se doit d\u2019offrir des interactions uniques aux utilisateurs\u2026<\/p>\n\n\n\n<p>Pour les d\u00e9veloppeurs, il faut d\u00e9sormais d&#8217;int\u00e9resser \u00e0 <a href=\"https:\/\/www.codeur.com\/blog\/creer-application-vision-os\/\">Vision OS pour cr\u00e9er une app<\/a> pour le Vision Pro.<\/p>\n\n\n\n<p>Voici 4 id\u00e9es pour s\u00e9duire vos clients&nbsp;:<\/p>\n\n\n\n<h3 class=\"wp-block-heading\">1. Un jeu vid\u00e9o ludique<\/h3>\n\n\n\n<p>Avec ses deux \u00e9crans ultra-haute r\u00e9solution, qui donnent l\u2019impression aux utilisateurs d\u2019\u00eatre devant une toile de 30 m\u00e8tres de large, le casque de r\u00e9alit\u00e9 augment\u00e9e d\u2019Apple s\u2019adapte parfaitement aux jeux vid\u00e9o&nbsp;! C\u2019est donc le moment de lancer le v\u00f4tre pour proposer une exp\u00e9rience unique \u00e0 de futurs clients.<\/p>\n\n\n\n<p>En tant qu\u2019entreprise, vous pouvez gamifier votre communication, avec un jeu simple et ludique, qui rappelle votre activit\u00e9 et vos prestations. D\u2019autant que l\u2019Apple Vision Pro sera compatible avec les manettes des consoles les plus r\u00e9pandues.<\/p>\n\n\n\n<h3 class=\"wp-block-heading\">2. Des visites virtuelles<\/h3>\n\n\n\n<p>Voil\u00e0 une id\u00e9e d\u2019application Apple Vision Pro id\u00e9ale pour&nbsp;:<\/p>\n\n\n\n<ul class=\"wp-block-list\">\n<li>Les agences immobili\u00e8res qui veulent faciliter la visite des biens,<\/li>\n\n\n\n<li>Les agences de tourisme qui veulent faire d\u00e9couvrir des destinations ou des h\u00f4tels aux voyageurs,<\/li>\n\n\n\n<li>Les mus\u00e9es qui veulent proposer des visites \u00e0 distance ou ajouter une dimension ludique au parcours des visiteurs (comme le fait d\u00e9j\u00e0 le mus\u00e9e de Louvain gr\u00e2ce au HoloLens de Microsoft).<\/li>\n<\/ul>\n\n\n\n<h3 class=\"wp-block-heading\">3. Un espace de productivit\u00e9<\/h3>\n\n\n\n<p>Vous pouvez cr\u00e9er une application Apple Vision Pro pour optimiser la productivit\u00e9 de vos salari\u00e9s ou un espace de travail qui am\u00e9liore l\u2019efficacit\u00e9 des \u00e9quipes.<\/p>\n\n\n\n<p>Avec la technologie Environments, les utilisateurs ont la possible de r\u00e9duire les distractions pour se concentrer sur une t\u00e2che sp\u00e9cifique. Par ailleurs, l\u2019interface 3D de VisionOS affranchit les collaborateurs des fronti\u00e8res d\u2019un \u00e9cran. Ils peuvent organiser leur propre espace de travail, g\u00e9rer leurs applications favorites et hi\u00e9rarchiser les contenus pour faciliter le multit\u00e2che.<\/p>\n\n\n\n<figure class=\"wp-block-image size-large\"><img decoding=\"async\" width=\"1024\" height=\"576\" src=\"https:\/\/www.codeur.com\/blog\/wp-content\/uploads\/2023\/06\/Apple-Vision-Pro-productivite-1-1024x576.jpg\" alt=\"\" class=\"wp-image-74122\" srcset=\"https:\/\/www.codeur.com\/blog\/wp-content\/uploads\/2023\/06\/Apple-Vision-Pro-productivite-1-1024x576.jpg 1024w, https:\/\/www.codeur.com\/blog\/wp-content\/uploads\/2023\/06\/Apple-Vision-Pro-productivite-1-300x169.jpg 300w, https:\/\/www.codeur.com\/blog\/wp-content\/uploads\/2023\/06\/Apple-Vision-Pro-productivite-1-768x432.jpg 768w, https:\/\/www.codeur.com\/blog\/wp-content\/uploads\/2023\/06\/Apple-Vision-Pro-productivite-1-1536x864.jpg 1536w, https:\/\/www.codeur.com\/blog\/wp-content\/uploads\/2023\/06\/Apple-Vision-Pro-productivite-1-60x34.jpg 60w, https:\/\/www.codeur.com\/blog\/wp-content\/uploads\/2023\/06\/Apple-Vision-Pro-productivite-1-370x208.jpg 370w, https:\/\/www.codeur.com\/blog\/wp-content\/uploads\/2023\/06\/Apple-Vision-Pro-productivite-1-270x152.jpg 270w, https:\/\/www.codeur.com\/blog\/wp-content\/uploads\/2023\/06\/Apple-Vision-Pro-productivite-1-570x321.jpg 570w, https:\/\/www.codeur.com\/blog\/wp-content\/uploads\/2023\/06\/Apple-Vision-Pro-productivite-1-740x416.jpg 740w, https:\/\/www.codeur.com\/blog\/wp-content\/uploads\/2023\/06\/Apple-Vision-Pro-productivite-1.jpg 1707w\" sizes=\"(max-width: 1024px) 100vw, 1024px\" \/><\/figure>\n\n\n\n<h3 class=\"wp-block-heading\">4. Une application d\u2019e-learning<\/h3>\n\n\n\n<p>Imaginez les futures formations de vos employ\u00e9s, prospects ou clients, gr\u00e2ce \u00e0 la r\u00e9alit\u00e9 virtuelle.<\/p>\n\n\n\n<p>Avec une application Apple Vision Pro, en plus d\u2019obtenir un cours th\u00e9orique, ils peuvent passer \u00e0 la pratique dans un univers immersif et interactif. <\/p>\n\n\n\n<p>Cela fera passer leur niveau de connaissance au degr\u00e9 sup\u00e9rieur, ce qui aura forc\u00e9ment des retomb\u00e9es positives sur votre entreprise&nbsp;!<\/p>\n\n\n\n<h2 class=\"wp-block-heading\">Quel est le prix d&#8217;une application Apple Vision Pro&nbsp;?<\/h2>\n\n\n\n<p>Obtenez une estimation du <a href=\"https:\/\/www.codeur.com\/pages\/prix-application-vr\">tarif d&#8217;une application VR<\/a> pour l&#8217;Apple Vision Pro rapidement. Le d\u00e9veloppement d&#8217;une application en r\u00e9alit\u00e9 virtuelle ou r\u00e9alit\u00e9 augment\u00e9e demande des comp\u00e9tences et un savoir faire particulier. Vous trouverez sur Codeur.com de nombreux sp\u00e9cialistes capables de r\u00e9aliser votre projet d&#8217;application pour \u00eatre pr\u00eat pour le lancement du casque d&#8217;Apple.<\/p>\n\n\n\n<h2 class=\"wp-block-heading\">Comment r\u00e9inventer son application pour le casque Apple&nbsp;Vision Pro&nbsp;?<\/h2>\n\n\n\n<p>Toutes les applications iOS sont accessibles avec le casque Vision Pro. Pour les contr\u00f4ler, les utilisateurs se servent de leurs yeux, leur voix et leurs mains, en tapant avec les doigts ou en les faisant glisser pour la faire d\u00e9filer. Apple d\u00e9voile \u00e9galement qu\u2019il sera possible d\u2019extraire des objets 3D depuis les applications pour les voir sous tous les angles.<\/p>\n\n\n\n<p>Si vous avez d\u00e9j\u00e0 une application sur l\u2019AppStore, il est temps de lui ajouter une touche de r\u00e9alit\u00e9 augment\u00e9e et\/ou de r\u00e9alit\u00e9 virtuelle. Les utilisateurs pourront afficher des \u00e9l\u00e9ments virtuels au-dessus du monde r\u00e9el, ou carr\u00e9ment interagir dans un monde 100% d\u00e9mat\u00e9rialis\u00e9. L\u2019id\u00e9e est de proposer une exp\u00e9rience immersive qui va apporter un b\u00e9n\u00e9fice \u00e0 vos clients (productivit\u00e9, divertissement, accompagnement \u00e0 l\u2019achat\u2026) et renforcer votre image de marque.<\/p>\n\n\n\n<h2 class=\"wp-block-heading\">Notre astuce pour cr\u00e9er une application Apple Vision Pro<\/h2>\n\n\n\n<p>Oui, le casque de r\u00e9alit\u00e9 mixte d\u2019Apple propose un prix \u00e9lev\u00e9 et une date de sortie qui para\u00eet lointaine (d\u00e9but 2024)&nbsp;! Cependant, les entreprises qui vont cr\u00e9er une application Apple Vision Pro d\u00e8s maintenant auront un avantage concurrentiel lors de son lancement.<\/p>\n\n\n\n<p>Commencez \u00e0 r\u00e9fl\u00e9chir sur comment utiliser la r\u00e9alit\u00e9 augment\u00e9e et\/ou virtuelle pour proposer une nouvelle exp\u00e9rience \u00e0 vos clients ou \u00e0 vos collaborateurs. Puis faites vivre votre projet gr\u00e2ce \u00e0 un d\u00e9veloppeur recrut\u00e9 sur notre <a href=\"https:\/\/www.codeur.com\/#open-fast\" target=\"_blank\" rel=\"noreferrer noopener\">plateforme de freelance<\/a>, Codeur.com.<\/p>\n","protected":false},"excerpt":{"rendered":"<p>Le g\u00e9ant \u00e0 la pomme entre en fanfare sur le march\u00e9 de la r\u00e9alit\u00e9 augment\u00e9e avec son casque Apple Vision Pro. Une r\u00e9volution qui va connecter le monde physique et virtuel, comme personne ne l\u2019a encore imagin\u00e9. Pour les entreprises, il est l\u2019heure de r\u00e9fl\u00e9chir \u00e0 cr\u00e9er une application pour Apple Vision Pro d\u00e8s maintenant. [&hellip;]<\/p>\n","protected":false},"author":5,"featured_media":74124,"comment_status":"closed","ping_status":"closed","sticky":false,"template":"","format":"standard","meta":{"_acf_changed":false,"inline_featured_image":false,"footnotes":""},"categories":[1],"tags":[39],"class_list":["post-74120","post","type-post","status-publish","format-standard","has-post-thumbnail","hentry","category-conseils","tag-conseils"],"acf":[],"yoast_head":"<!-- This site is optimized with the Yoast SEO plugin v25.9 - https:\/\/yoast.com\/wordpress\/plugins\/seo\/ -->\n<title>Quelle application cr\u00e9er pour le casque Apple Vision Pro ?<\/title>\n<meta name=\"description\" content=\"Le g\u00e9ant \u00e0 la pomme entre en fanfare sur le march\u00e9 de la r\u00e9alit\u00e9 augment\u00e9e avec son casque Apple Vision Pro. Une r\u00e9volution qui va connecter le monde\" \/>\n<meta name=\"robots\" content=\"index, follow, max-snippet:-1, max-image-preview:large, max-video-preview:-1\" \/>\n<link rel=\"canonical\" href=\"https:\/\/www.codeur.com\/blog\/creer-application-apple-vision-pro\/\" \/>\n<meta property=\"og:locale\" content=\"fr_FR\" \/>\n<meta property=\"og:type\" content=\"article\" \/>\n<meta property=\"og:title\" content=\"Quelle application cr\u00e9er pour le casque Apple Vision Pro ?\" \/>\n<meta property=\"og:description\" content=\"Le g\u00e9ant \u00e0 la pomme entre en fanfare sur le march\u00e9 de la r\u00e9alit\u00e9 augment\u00e9e avec son casque Apple Vision Pro. Une r\u00e9volution qui va connecter le monde\" \/>\n<meta property=\"og:url\" content=\"https:\/\/www.codeur.com\/blog\/creer-application-apple-vision-pro\/\" \/>\n<meta property=\"og:site_name\" content=\"Codeur.com\" \/>\n<meta property=\"article:publisher\" content=\"https:\/\/fr-fr.facebook.com\/codeurfreelance\/\" \/>\n<meta property=\"article:published_time\" content=\"2023-06-07T06:30:00+00:00\" \/>\n<meta property=\"article:modified_time\" content=\"2025-09-08T12:52:18+00:00\" \/>\n<meta property=\"og:image\" content=\"https:\/\/www.codeur.com\/blog\/wp-content\/uploads\/2023\/06\/creer_application_apple_vision_pro.jpg\" \/>\n\t<meta property=\"og:image:width\" content=\"1024\" \/>\n\t<meta property=\"og:image:height\" content=\"618\" \/>\n\t<meta property=\"og:image:type\" content=\"image\/jpeg\" \/>\n<meta name=\"author\" content=\"Thomas Lazzaroni\" \/>\n<meta name=\"twitter:card\" content=\"summary_large_image\" \/>\n<meta name=\"twitter:creator\" content=\"@totolazza\" \/>\n<meta name=\"twitter:site\" content=\"@codeur\" \/>\n<meta name=\"twitter:label1\" content=\"\u00c9crit par\" \/>\n\t<meta name=\"twitter:data1\" content=\"Thomas Lazzaroni\" \/>\n\t<meta name=\"twitter:label2\" content=\"Dur\u00e9e de lecture estim\u00e9e\" \/>\n\t<meta name=\"twitter:data2\" content=\"6 minutes\" \/>\n<script type=\"application\/ld+json\" class=\"yoast-schema-graph\">{\"@context\":\"https:\/\/schema.org\",\"@graph\":[{\"@type\":\"Article\",\"@id\":\"https:\/\/www.codeur.com\/blog\/creer-application-apple-vision-pro\/#article\",\"isPartOf\":{\"@id\":\"https:\/\/www.codeur.com\/blog\/creer-application-apple-vision-pro\/\"},\"author\":{\"name\":\"Thomas Lazzaroni\",\"@id\":\"https:\/\/www.codeur.com\/blog\/#\/schema\/person\/cc3b0a678aeffcae19ecc599eaf679e5\"},\"headline\":\"Quelle application cr\u00e9er pour le casque Apple Vision Pro&nbsp;?\",\"datePublished\":\"2023-06-07T06:30:00+00:00\",\"dateModified\":\"2025-09-08T12:52:18+00:00\",\"mainEntityOfPage\":{\"@id\":\"https:\/\/www.codeur.com\/blog\/creer-application-apple-vision-pro\/\"},\"wordCount\":1248,\"publisher\":{\"@id\":\"https:\/\/www.codeur.com\/blog\/#organization\"},\"image\":{\"@id\":\"https:\/\/www.codeur.com\/blog\/creer-application-apple-vision-pro\/#primaryimage\"},\"thumbnailUrl\":\"https:\/\/www.codeur.com\/blog\/wp-content\/uploads\/2023\/06\/creer_application_apple_vision_pro.jpg\",\"keywords\":[\"Conseils\"],\"articleSection\":[\"Conseils\"],\"inLanguage\":\"fr-FR\"},{\"@type\":\"WebPage\",\"@id\":\"https:\/\/www.codeur.com\/blog\/creer-application-apple-vision-pro\/\",\"url\":\"https:\/\/www.codeur.com\/blog\/creer-application-apple-vision-pro\/\",\"name\":\"Quelle application cr\u00e9er pour le casque Apple Vision Pro ?\",\"isPartOf\":{\"@id\":\"https:\/\/www.codeur.com\/blog\/#website\"},\"primaryImageOfPage\":{\"@id\":\"https:\/\/www.codeur.com\/blog\/creer-application-apple-vision-pro\/#primaryimage\"},\"image\":{\"@id\":\"https:\/\/www.codeur.com\/blog\/creer-application-apple-vision-pro\/#primaryimage\"},\"thumbnailUrl\":\"https:\/\/www.codeur.com\/blog\/wp-content\/uploads\/2023\/06\/creer_application_apple_vision_pro.jpg\",\"datePublished\":\"2023-06-07T06:30:00+00:00\",\"dateModified\":\"2025-09-08T12:52:18+00:00\",\"description\":\"Le g\u00e9ant \u00e0 la pomme entre en fanfare sur le march\u00e9 de la r\u00e9alit\u00e9 augment\u00e9e avec son casque Apple Vision Pro. Une r\u00e9volution qui va connecter le monde\",\"breadcrumb\":{\"@id\":\"https:\/\/www.codeur.com\/blog\/creer-application-apple-vision-pro\/#breadcrumb\"},\"inLanguage\":\"fr-FR\",\"potentialAction\":[{\"@type\":\"ReadAction\",\"target\":[\"https:\/\/www.codeur.com\/blog\/creer-application-apple-vision-pro\/\"]}]},{\"@type\":\"ImageObject\",\"inLanguage\":\"fr-FR\",\"@id\":\"https:\/\/www.codeur.com\/blog\/creer-application-apple-vision-pro\/#primaryimage\",\"url\":\"https:\/\/www.codeur.com\/blog\/wp-content\/uploads\/2023\/06\/creer_application_apple_vision_pro.jpg\",\"contentUrl\":\"https:\/\/www.codeur.com\/blog\/wp-content\/uploads\/2023\/06\/creer_application_apple_vision_pro.jpg\",\"width\":1024,\"height\":618},{\"@type\":\"BreadcrumbList\",\"@id\":\"https:\/\/www.codeur.com\/blog\/creer-application-apple-vision-pro\/#breadcrumb\",\"itemListElement\":[{\"@type\":\"ListItem\",\"position\":1,\"name\":\"Blog\",\"item\":\"https:\/\/www.codeur.com\/blog\/\"},{\"@type\":\"ListItem\",\"position\":2,\"name\":\"Marketing\",\"item\":\"https:\/\/www.codeur.com\/blog\/marketing-digital\/\"},{\"@type\":\"ListItem\",\"position\":3,\"name\":\"Conseils\",\"item\":\"https:\/\/www.codeur.com\/blog\/marketing-digital\/conseils\/\"},{\"@type\":\"ListItem\",\"position\":4,\"name\":\"Quelle application cr\u00e9er pour le casque Apple Vision Pro&nbsp;?\"}]},{\"@type\":\"WebSite\",\"@id\":\"https:\/\/www.codeur.com\/blog\/#website\",\"url\":\"https:\/\/www.codeur.com\/blog\/\",\"name\":\"Codeur.com\",\"description\":\"codeur\",\"publisher\":{\"@id\":\"https:\/\/www.codeur.com\/blog\/#organization\"},\"potentialAction\":[{\"@type\":\"SearchAction\",\"target\":{\"@type\":\"EntryPoint\",\"urlTemplate\":\"https:\/\/www.codeur.com\/blog\/?s={search_term_string}\"},\"query-input\":{\"@type\":\"PropertyValueSpecification\",\"valueRequired\":true,\"valueName\":\"search_term_string\"}}],\"inLanguage\":\"fr-FR\"},{\"@type\":\"Organization\",\"@id\":\"https:\/\/www.codeur.com\/blog\/#organization\",\"name\":\"Codeur.com\",\"url\":\"https:\/\/www.codeur.com\/blog\/\",\"logo\":{\"@type\":\"ImageObject\",\"inLanguage\":\"fr-FR\",\"@id\":\"https:\/\/www.codeur.com\/blog\/#\/schema\/logo\/image\/\",\"url\":\"https:\/\/www.codeur.com\/blog\/wp-content\/uploads\/2022\/04\/logo-codeur-com.png\",\"contentUrl\":\"https:\/\/www.codeur.com\/blog\/wp-content\/uploads\/2022\/04\/logo-codeur-com.png\",\"width\":2560,\"height\":465,\"caption\":\"Codeur.com\"},\"image\":{\"@id\":\"https:\/\/www.codeur.com\/blog\/#\/schema\/logo\/image\/\"},\"sameAs\":[\"https:\/\/fr-fr.facebook.com\/codeurfreelance\/\",\"https:\/\/x.com\/codeur\",\"https:\/\/www.linkedin.com\/company\/codeur\/\",\"https:\/\/www.youtube.com\/channel\/UCgj9ySM9xy3gdL8qBafl9Uw\"]},{\"@type\":\"Person\",\"@id\":\"https:\/\/www.codeur.com\/blog\/#\/schema\/person\/cc3b0a678aeffcae19ecc599eaf679e5\",\"name\":\"Thomas Lazzaroni\",\"image\":{\"@type\":\"ImageObject\",\"inLanguage\":\"fr-FR\",\"@id\":\"https:\/\/www.codeur.com\/blog\/#\/schema\/person\/image\/\",\"url\":\"https:\/\/secure.gravatar.com\/avatar\/7306fb87b7017ab0955d07c2f2b771ac79e91965a2fca514df0c043f7c087fd2?s=96&d=mm&r=g\",\"contentUrl\":\"https:\/\/secure.gravatar.com\/avatar\/7306fb87b7017ab0955d07c2f2b771ac79e91965a2fca514df0c043f7c087fd2?s=96&d=mm&r=g\",\"caption\":\"Thomas Lazzaroni\"},\"description\":\"Depuis plus de 10 ans, je contribue \u00e0 faire rayonner nos sites en imaginant des strat\u00e9gies qui renforcent notre visibilit\u00e9 et notre position de r\u00e9f\u00e9rence.\",\"sameAs\":[\"https:\/\/totolazza.com\",\"https:\/\/www.linkedin.com\/in\/thomaslazzaroni\/\",\"https:\/\/x.com\/totolazza\"],\"url\":\"https:\/\/www.codeur.com\/blog\/author\/thomas\/\"}]}<\/script>\n<!-- \/ Yoast SEO plugin. -->","yoast_head_json":{"title":"Quelle application cr\u00e9er pour le casque Apple Vision Pro ?","description":"Le g\u00e9ant \u00e0 la pomme entre en fanfare sur le march\u00e9 de la r\u00e9alit\u00e9 augment\u00e9e avec son casque Apple Vision Pro. Une r\u00e9volution qui va connecter le monde","robots":{"index":"index","follow":"follow","max-snippet":"max-snippet:-1","max-image-preview":"max-image-preview:large","max-video-preview":"max-video-preview:-1"},"canonical":"https:\/\/www.codeur.com\/blog\/creer-application-apple-vision-pro\/","og_locale":"fr_FR","og_type":"article","og_title":"Quelle application cr\u00e9er pour le casque Apple Vision Pro ?","og_description":"Le g\u00e9ant \u00e0 la pomme entre en fanfare sur le march\u00e9 de la r\u00e9alit\u00e9 augment\u00e9e avec son casque Apple Vision Pro. Une r\u00e9volution qui va connecter le monde","og_url":"https:\/\/www.codeur.com\/blog\/creer-application-apple-vision-pro\/","og_site_name":"Codeur.com","article_publisher":"https:\/\/fr-fr.facebook.com\/codeurfreelance\/","article_published_time":"2023-06-07T06:30:00+00:00","article_modified_time":"2025-09-08T12:52:18+00:00","og_image":[{"width":1024,"height":618,"url":"https:\/\/www.codeur.com\/blog\/wp-content\/uploads\/2023\/06\/creer_application_apple_vision_pro.jpg","type":"image\/jpeg"}],"author":"Thomas Lazzaroni","twitter_card":"summary_large_image","twitter_creator":"@totolazza","twitter_site":"@codeur","twitter_misc":{"\u00c9crit par":"Thomas Lazzaroni","Dur\u00e9e de lecture estim\u00e9e":"6 minutes"},"schema":{"@context":"https:\/\/schema.org","@graph":[{"@type":"Article","@id":"https:\/\/www.codeur.com\/blog\/creer-application-apple-vision-pro\/#article","isPartOf":{"@id":"https:\/\/www.codeur.com\/blog\/creer-application-apple-vision-pro\/"},"author":{"name":"Thomas Lazzaroni","@id":"https:\/\/www.codeur.com\/blog\/#\/schema\/person\/cc3b0a678aeffcae19ecc599eaf679e5"},"headline":"Quelle application cr\u00e9er pour le casque Apple Vision Pro&nbsp;?","datePublished":"2023-06-07T06:30:00+00:00","dateModified":"2025-09-08T12:52:18+00:00","mainEntityOfPage":{"@id":"https:\/\/www.codeur.com\/blog\/creer-application-apple-vision-pro\/"},"wordCount":1248,"publisher":{"@id":"https:\/\/www.codeur.com\/blog\/#organization"},"image":{"@id":"https:\/\/www.codeur.com\/blog\/creer-application-apple-vision-pro\/#primaryimage"},"thumbnailUrl":"https:\/\/www.codeur.com\/blog\/wp-content\/uploads\/2023\/06\/creer_application_apple_vision_pro.jpg","keywords":["Conseils"],"articleSection":["Conseils"],"inLanguage":"fr-FR"},{"@type":"WebPage","@id":"https:\/\/www.codeur.com\/blog\/creer-application-apple-vision-pro\/","url":"https:\/\/www.codeur.com\/blog\/creer-application-apple-vision-pro\/","name":"Quelle application cr\u00e9er pour le casque Apple Vision Pro ?","isPartOf":{"@id":"https:\/\/www.codeur.com\/blog\/#website"},"primaryImageOfPage":{"@id":"https:\/\/www.codeur.com\/blog\/creer-application-apple-vision-pro\/#primaryimage"},"image":{"@id":"https:\/\/www.codeur.com\/blog\/creer-application-apple-vision-pro\/#primaryimage"},"thumbnailUrl":"https:\/\/www.codeur.com\/blog\/wp-content\/uploads\/2023\/06\/creer_application_apple_vision_pro.jpg","datePublished":"2023-06-07T06:30:00+00:00","dateModified":"2025-09-08T12:52:18+00:00","description":"Le g\u00e9ant \u00e0 la pomme entre en fanfare sur le march\u00e9 de la r\u00e9alit\u00e9 augment\u00e9e avec son casque Apple Vision Pro. Une r\u00e9volution qui va connecter le monde","breadcrumb":{"@id":"https:\/\/www.codeur.com\/blog\/creer-application-apple-vision-pro\/#breadcrumb"},"inLanguage":"fr-FR","potentialAction":[{"@type":"ReadAction","target":["https:\/\/www.codeur.com\/blog\/creer-application-apple-vision-pro\/"]}]},{"@type":"ImageObject","inLanguage":"fr-FR","@id":"https:\/\/www.codeur.com\/blog\/creer-application-apple-vision-pro\/#primaryimage","url":"https:\/\/www.codeur.com\/blog\/wp-content\/uploads\/2023\/06\/creer_application_apple_vision_pro.jpg","contentUrl":"https:\/\/www.codeur.com\/blog\/wp-content\/uploads\/2023\/06\/creer_application_apple_vision_pro.jpg","width":1024,"height":618},{"@type":"BreadcrumbList","@id":"https:\/\/www.codeur.com\/blog\/creer-application-apple-vision-pro\/#breadcrumb","itemListElement":[{"@type":"ListItem","position":1,"name":"Blog","item":"https:\/\/www.codeur.com\/blog\/"},{"@type":"ListItem","position":2,"name":"Marketing","item":"https:\/\/www.codeur.com\/blog\/marketing-digital\/"},{"@type":"ListItem","position":3,"name":"Conseils","item":"https:\/\/www.codeur.com\/blog\/marketing-digital\/conseils\/"},{"@type":"ListItem","position":4,"name":"Quelle application cr\u00e9er pour le casque Apple Vision Pro&nbsp;?"}]},{"@type":"WebSite","@id":"https:\/\/www.codeur.com\/blog\/#website","url":"https:\/\/www.codeur.com\/blog\/","name":"Codeur.com","description":"codeur","publisher":{"@id":"https:\/\/www.codeur.com\/blog\/#organization"},"potentialAction":[{"@type":"SearchAction","target":{"@type":"EntryPoint","urlTemplate":"https:\/\/www.codeur.com\/blog\/?s={search_term_string}"},"query-input":{"@type":"PropertyValueSpecification","valueRequired":true,"valueName":"search_term_string"}}],"inLanguage":"fr-FR"},{"@type":"Organization","@id":"https:\/\/www.codeur.com\/blog\/#organization","name":"Codeur.com","url":"https:\/\/www.codeur.com\/blog\/","logo":{"@type":"ImageObject","inLanguage":"fr-FR","@id":"https:\/\/www.codeur.com\/blog\/#\/schema\/logo\/image\/","url":"https:\/\/www.codeur.com\/blog\/wp-content\/uploads\/2022\/04\/logo-codeur-com.png","contentUrl":"https:\/\/www.codeur.com\/blog\/wp-content\/uploads\/2022\/04\/logo-codeur-com.png","width":2560,"height":465,"caption":"Codeur.com"},"image":{"@id":"https:\/\/www.codeur.com\/blog\/#\/schema\/logo\/image\/"},"sameAs":["https:\/\/fr-fr.facebook.com\/codeurfreelance\/","https:\/\/x.com\/codeur","https:\/\/www.linkedin.com\/company\/codeur\/","https:\/\/www.youtube.com\/channel\/UCgj9ySM9xy3gdL8qBafl9Uw"]},{"@type":"Person","@id":"https:\/\/www.codeur.com\/blog\/#\/schema\/person\/cc3b0a678aeffcae19ecc599eaf679e5","name":"Thomas Lazzaroni","image":{"@type":"ImageObject","inLanguage":"fr-FR","@id":"https:\/\/www.codeur.com\/blog\/#\/schema\/person\/image\/","url":"https:\/\/secure.gravatar.com\/avatar\/7306fb87b7017ab0955d07c2f2b771ac79e91965a2fca514df0c043f7c087fd2?s=96&d=mm&r=g","contentUrl":"https:\/\/secure.gravatar.com\/avatar\/7306fb87b7017ab0955d07c2f2b771ac79e91965a2fca514df0c043f7c087fd2?s=96&d=mm&r=g","caption":"Thomas Lazzaroni"},"description":"Depuis plus de 10 ans, je contribue \u00e0 faire rayonner nos sites en imaginant des strat\u00e9gies qui renforcent notre visibilit\u00e9 et notre position de r\u00e9f\u00e9rence.","sameAs":["https:\/\/totolazza.com","https:\/\/www.linkedin.com\/in\/thomaslazzaroni\/","https:\/\/x.com\/totolazza"],"url":"https:\/\/www.codeur.com\/blog\/author\/thomas\/"}]}},"_links":{"self":[{"href":"https:\/\/www.codeur.com\/blog\/wp-json\/wp\/v2\/posts\/74120","targetHints":{"allow":["GET"]}}],"collection":[{"href":"https:\/\/www.codeur.com\/blog\/wp-json\/wp\/v2\/posts"}],"about":[{"href":"https:\/\/www.codeur.com\/blog\/wp-json\/wp\/v2\/types\/post"}],"author":[{"embeddable":true,"href":"https:\/\/www.codeur.com\/blog\/wp-json\/wp\/v2\/users\/5"}],"replies":[{"embeddable":true,"href":"https:\/\/www.codeur.com\/blog\/wp-json\/wp\/v2\/comments?post=74120"}],"version-history":[{"count":0,"href":"https:\/\/www.codeur.com\/blog\/wp-json\/wp\/v2\/posts\/74120\/revisions"}],"wp:featuredmedia":[{"embeddable":true,"href":"https:\/\/www.codeur.com\/blog\/wp-json\/wp\/v2\/media\/74124"}],"wp:attachment":[{"href":"https:\/\/www.codeur.com\/blog\/wp-json\/wp\/v2\/media?parent=74120"}],"wp:term":[{"taxonomy":"category","embeddable":true,"href":"https:\/\/www.codeur.com\/blog\/wp-json\/wp\/v2\/categories?post=74120"},{"taxonomy":"post_tag","embeddable":true,"href":"https:\/\/www.codeur.com\/blog\/wp-json\/wp\/v2\/tags?post=74120"}],"curies":[{"name":"wp","href":"https:\/\/api.w.org\/{rel}","templated":true}]}}