{"id":70150,"date":"2023-01-17T08:00:00","date_gmt":"2023-01-17T07:00:00","guid":{"rendered":"https:\/\/www.codeur.com\/blog\/?p=70150"},"modified":"2025-08-26T14:35:12","modified_gmt":"2025-08-26T12:35:12","slug":"creer-page-facebook-association","status":"publish","type":"post","link":"https:\/\/www.codeur.com\/blog\/creer-page-facebook-association\/","title":{"rendered":"Cr\u00e9er et animer une page Facebook pour une association"},"content":{"rendered":"\n<p>Si vous dirigez une association et que vous n&#8217;avez pas encore cr\u00e9\u00e9 de page Facebook pour elle, qu&#8217;attendez-vous pour passer le cap&nbsp;?<\/p>\n\n\n\n<p>Les pages Facebook pour les associations sont un outil incroyablement utile pour faire conna\u00eetre votre cause et pour g\u00e9n\u00e9rer de l\u2019engagement aupr\u00e8s de votre public cible. Sur Codeur.com, de nombreux <a href=\"https:\/\/www.codeur.com\/community-manager\">Community managers<\/a> freelances exp\u00e9riment\u00e9s peuvent vous aider \u00e0 donner vie \u00e0 votre page Facebook. D\u00e9posez gratuitement un projet sur Codeur.com pour recevoir des offres de freelances.<\/p>\n\n\n\n<p>Avec cet article, vous allez d\u00e9couvrir <strong>pourquoi cr\u00e9er une page Facebook<\/strong>, quelles sont les \u00e9tapes \u00e0 suivre pour le faire et comment l&#8217;animer.<\/p>\n\n\n\n<h2 class=\"wp-block-heading\">Pourquoi cr\u00e9er une page Facebook pour votre association&nbsp;?<\/h2>\n\n\n\n<p>La gestion d&#8217;une association prosp\u00e8re exige la capacit\u00e9 de communiquer efficacement avec les membres, le personnel, les b\u00e9n\u00e9voles et les autres parties prenantes. Dans le monde num\u00e9rique d&#8217;aujourd&#8217;hui, une pr\u00e9sence active sur les m\u00e9dias sociaux peut vous aider \u00e0 atteindre un public plus large et \u00e0 \u00e9tablir des relations avec de nouveaux membres potentiels. L&#8217;une des plateformes les plus populaires pour les organisations est Facebook.<\/p>\n\n\n\n<p>La cr\u00e9ation d&#8217;une page Facebook pour votre association est non seulement un moyen facile d&#8217;accro\u00eetre la visibilit\u00e9, mais aussi de favoriser les relations avec les membres actuels et potentiels en leur donnant acc\u00e8s \u00e0 des informations opportunes sur les \u00e9v\u00e9nements \u00e0 venir ou les initiatives auxquelles ils pourraient aimer participer.<\/p>\n\n\n\n<h2 class=\"wp-block-heading\">Les \u00e9tapes pour cr\u00e9er une page Facebook pour votre association<\/h2>\n\n\n\n<p>Avec les bons conseils, <strong>la cr\u00e9ation d&#8217;une page Facebook pour votre association<\/strong> peut \u00eatre rapide et facile. Une pr\u00e9sence sur les m\u00e9dias sociaux, d&#8217;aspect professionnel et bien entretenue, peut contribuer \u00e0 faire conna\u00eetre votre organisation, \u00e0 informer les b\u00e9n\u00e9voles ou les clients potentiels et \u00e0 accro\u00eetre l&#8217;engagement de votre communaut\u00e9. Voici quelques \u00e9tapes pour vous aider \u00e0 cr\u00e9er une page Facebook pour votre association.<\/p>\n\n\n\n<figure class=\"wp-block-image size-full\"><img decoding=\"async\" width=\"700\" height=\"448\" src=\"https:\/\/www.codeur.com\/blog\/wp-content\/uploads\/2022\/12\/creer-page-facebook-association-1.webp\" alt=\"creer-page-facebook-association\" class=\"wp-image-70152\" srcset=\"https:\/\/www.codeur.com\/blog\/wp-content\/uploads\/2022\/12\/creer-page-facebook-association-1.webp 700w, https:\/\/www.codeur.com\/blog\/wp-content\/uploads\/2022\/12\/creer-page-facebook-association-1-300x192.webp 300w, https:\/\/www.codeur.com\/blog\/wp-content\/uploads\/2022\/12\/creer-page-facebook-association-1-60x38.webp 60w, https:\/\/www.codeur.com\/blog\/wp-content\/uploads\/2022\/12\/creer-page-facebook-association-1-370x237.webp 370w, https:\/\/www.codeur.com\/blog\/wp-content\/uploads\/2022\/12\/creer-page-facebook-association-1-270x173.webp 270w, https:\/\/www.codeur.com\/blog\/wp-content\/uploads\/2022\/12\/creer-page-facebook-association-1-470x300.webp 470w, https:\/\/www.codeur.com\/blog\/wp-content\/uploads\/2022\/12\/creer-page-facebook-association-1-570x365.webp 570w\" sizes=\"(max-width: 700px) 100vw, 700px\" \/><\/figure>\n\n\n\n<h3 class=\"wp-block-heading\">\u00c9tape 1&nbsp;: Cr\u00e9er un compte Facebook personnel<\/h3>\n\n\n\n<p>Avant de cr\u00e9er une page pour une association, vous devez disposer de votre propre compte Facebook personnel. Si vous \u00eates nouveau dans ce monde, l&#8217;inscription est assez simple&nbsp;: il suffit d&#8217;entrer quelques informations de base comme votre nom et votre adresse \u00e9lectronique. Une fois que c&#8217;est fait, il est temps de passer \u00e0 l&#8217;\u00e9tape suivante.<\/p>\n\n\n\n<h3 class=\"wp-block-heading\">\u00c9tape 2&nbsp;: Personnaliser rapidement son compte personnel<\/h3>\n\n\n\n<p>Une fois que vous avez cr\u00e9\u00e9 votre compte personnel, personnalisez-le rapidement en ajoutant des informations vous concernant (telles que votre exp\u00e9rience professionnelle ou votre formation), une photo de profil, une image de couverture, etc. Ces \u00e9l\u00e9ments seront importants plus tard, lorsque vous cr\u00e9erez la page de l&#8217;association, car ils permettront de montrer la l\u00e9gitimit\u00e9 et la fiabilit\u00e9 de la page. De plus, le fait d&#8217;avoir un compte personnel actif facilitera le lancement de la page de l&#8217;association, car vous pourrez inviter vos amis \u00e0 aimer et suivre la page.<\/p>\n\n\n\n<h3 class=\"wp-block-heading\">\u00c9tape 3&nbsp;: cr\u00e9er la page Facebook de l&#8217;association<\/h3>\n\n\n\n<p>Maintenant que vous avez configur\u00e9 votre compte personnel, il est temps de <strong>cr\u00e9er la page Facebook de l&#8217;association<\/strong>&nbsp;! Sur votre page d&#8217;accueil, cliquez sur &#8220;Cr\u00e9er une page&#8221; et s\u00e9lectionnez &#8220;Entreprise\/Organisation\/Institution&#8221; dans la liste des options propos\u00e9es. Remplissez ensuite toutes les informations requises, telles que les coordonn\u00e9es, l&#8217;URL du site Web (le cas \u00e9ch\u00e9ant), la cat\u00e9gorie (par exemple, organisation caritative ou \u00e0 but non lucratif), etc. D\u00e8s que cela est fait, cliquez sur &#8220;Cr\u00e9er la page&#8221;.<\/p>\n\n\n\n<h3 class=\"wp-block-heading\">\u00c9tape 4&nbsp;: Configurer la page de l&#8217;association<\/h3>\n\n\n\n<p>L&#8217;\u00e9tape suivante consiste \u00e0 configurer la page de fa\u00e7on que tout soit professionnel et attrayant. Commencez par ajouter une photo de profil et une image de couverture qui correspondent \u00e0 celles utilis\u00e9es sur d&#8217;autres supports marketing ou sites Web li\u00e9s \u00e0 votre organisation, afin de garantir l&#8217;uniformit\u00e9 sur tous les canaux utilis\u00e9s par votre association. Vous pouvez \u00e9galement ajouter toute information suppl\u00e9mentaire, comme un \u00e9nonc\u00e9 des missions de l\u2019association ou encore ses coordonn\u00e9es, dans la section &#8220;\u00c0 propos de nous&#8221;. Enfin, remplissez toutes les sections de la rubrique &#8220;Param\u00e8tres&#8221;, y compris la d\u00e9signation des r\u00f4les sp\u00e9cifiques des membres du personnel qui g\u00e9reront le contenu au nom de l&#8217;association (par exemple, les administrateurs).<\/p>\n\n\n\n<h3 class=\"wp-block-heading\">\u00c9tape 5&nbsp;: publier le premier message sur la page de l&#8217;association<\/h3>\n\n\n\n<p>Maintenant que tout a \u00e9t\u00e9 correctement configur\u00e9, il est temps de commencer \u00e0 publier du contenu&nbsp;! Mais avant toute chose, prenez le temps de r\u00e9fl\u00e9chir au type de contenu qui convient le mieux \u00e0 votre organisation&nbsp;: s&#8217;agit-il d&#8217;articles informatifs&nbsp;? Des mises \u00e0 jour sur les \u00e9v\u00e9nements \u00e0 venir&nbsp;? Des opportunit\u00e9s de b\u00e9n\u00e9volat&nbsp;? Une fois que vous savez quel type de contenu correspond le mieux \u00e0 ce que vous voulez communiquer par le biais de cette plateforme, notez plusieurs id\u00e9es afin de pouvoir y faire r\u00e9f\u00e9rence facilement en cas de besoin. N&#8217;oubliez pas que le contenu visuel, tel que les photos ou les vid\u00e9os, est plus susceptible d&#8217;int\u00e9resser des adeptes potentiels que le texte seul&nbsp;!<\/p>\n\n\n\n<p>Enfin, cliquez sur &#8220;Publier&#8221; apr\u00e8s avoir v\u00e9rifi\u00e9 que tout est parfait. Vous \u00eates maintenant pr\u00eat \u00e0 \u00e9tablir des relations avec des personnes int\u00e9ress\u00e9es par ce que votre organisation a \u00e0 offrir&nbsp;!<\/p>\n\n\n\n<p><strong>La cr\u00e9ation d&#8217;une page Facebook d&#8217;aspect professionnel pour votre association<\/strong> n&#8217;est pas n\u00e9cessairement difficile ; en suivant ces cinq \u00e9tapes simples, vous devriez \u00eatre sur la bonne voie&nbsp;!<\/p>\n\n\n\n<h2 class=\"wp-block-heading\">Comment animer la page Facebook de votre association&nbsp;?<\/h2>\n\n\n\n<figure class=\"wp-block-image size-full\"><img decoding=\"async\" width=\"700\" height=\"448\" src=\"https:\/\/www.codeur.com\/blog\/wp-content\/uploads\/2022\/12\/creer-page-facebook-association-2.webp\" alt=\"creer-page-facebook-association\" class=\"wp-image-70153\" srcset=\"https:\/\/www.codeur.com\/blog\/wp-content\/uploads\/2022\/12\/creer-page-facebook-association-2.webp 700w, https:\/\/www.codeur.com\/blog\/wp-content\/uploads\/2022\/12\/creer-page-facebook-association-2-300x192.webp 300w, https:\/\/www.codeur.com\/blog\/wp-content\/uploads\/2022\/12\/creer-page-facebook-association-2-60x38.webp 60w, https:\/\/www.codeur.com\/blog\/wp-content\/uploads\/2022\/12\/creer-page-facebook-association-2-370x237.webp 370w, https:\/\/www.codeur.com\/blog\/wp-content\/uploads\/2022\/12\/creer-page-facebook-association-2-270x173.webp 270w, https:\/\/www.codeur.com\/blog\/wp-content\/uploads\/2022\/12\/creer-page-facebook-association-2-470x300.webp 470w, https:\/\/www.codeur.com\/blog\/wp-content\/uploads\/2022\/12\/creer-page-facebook-association-2-570x365.webp 570w\" sizes=\"(max-width: 700px) 100vw, 700px\" \/><\/figure>\n\n\n\n<p>Facebook est un excellent moyen de promouvoir votre association et de cr\u00e9er une communaut\u00e9 d&#8217;adeptes. C&#8217;est un excellent outil pour communiquer avec vos membres et les tenir au courant des derni\u00e8res nouvelles, des \u00e9v\u00e9nements et des activit\u00e9s de votre association. Vous pouvez \u00e9galement faire appel \u00e0 une tierce personne comme un <a href=\"https:\/\/www.codeur.com\/community-manager\/facebook\">community manager Facebook<\/a> pour g\u00e9rer l&#8217;animation de votre page Facebook d&#8217;association. Comme vous allez le voir dans cette partie, pour r\u00e9ussir une page Facebook, il ne suffit pas de la cr\u00e9er ; vous devez constamment l&#8217;animer avec du contenu frais. Comment s&#8217;y prendre&nbsp;? Jetons un coup d&#8217;\u0153il \u00e0 quelques conseils et astuces pour <strong>animer la page Facebook de votre association<\/strong>.<\/p>\n\n\n\n<h3 class=\"wp-block-heading\">Faire des photos pour la page Facebook de votre association<\/h3>\n\n\n\n<p>L&#8217;une des meilleures fa\u00e7ons d&#8217;animer la page Facebook de votre association est de prendre des photos d&#8217;\u00e9v\u00e9nements ou d&#8217;activit\u00e9s li\u00e9s \u00e0 votre association. Publier des photos de vos membres en action permet d&#8217;animer la page et de cr\u00e9er une repr\u00e9sentation visuelle de ce que fait votre organisation. Veillez \u00e0 inclure des l\u00e9gendes pour chaque photo afin que les gens sachent ce qu&#8217;ils regardent et pourquoi c&#8217;est important. En outre, le fait de marquer des personnes sur les photos peut contribuer \u00e0 accro\u00eetre la visibilit\u00e9, car des amis ou des membres de la famille peuvent voir leur proche sur la photo et la partager sur leur propre ligne de temps.<\/p>\n\n\n\n<h3 class=\"wp-block-heading\">Faire des vid\u00e9os pour la page Facebook de votre association<\/h3>\n\n\n\n<p>Les vid\u00e9os sont \u00e9galement un autre excellent moyen d&#8217;<strong>animer la page Facebook de votre association<\/strong>. Les vid\u00e9os peuvent \u00eatre utilis\u00e9es pour mettre en avant des \u00e9v\u00e9nements ou des activit\u00e9s \u00e0 venir, pour pr\u00e9senter des produits ou des services offerts par l&#8217;association, ou m\u00eame simplement pour donner un aper\u00e7u des personnes qui composent la base des membres de l&#8217;organisation. Lorsque vous publiez des vid\u00e9os sur la page de votre association, veillez \u00e0 ce qu&#8217;elles soient attrayantes et informatives tout en \u00e9tant faciles \u00e0 suivre. Personne ne veut regarder une vid\u00e9o de 10 minutes sur un \u00e9v\u00e9nement qui aurait pu \u00eatre r\u00e9sum\u00e9 en 2 minutes&nbsp;!<\/p>\n\n\n\n<figure class=\"wp-block-image size-full\"><img decoding=\"async\" width=\"700\" height=\"448\" src=\"https:\/\/www.codeur.com\/blog\/wp-content\/uploads\/2022\/12\/creer-page-facebook-association-3.webp\" alt=\"creer-page-facebook-association\" class=\"wp-image-70154\" srcset=\"https:\/\/www.codeur.com\/blog\/wp-content\/uploads\/2022\/12\/creer-page-facebook-association-3.webp 700w, https:\/\/www.codeur.com\/blog\/wp-content\/uploads\/2022\/12\/creer-page-facebook-association-3-300x192.webp 300w, https:\/\/www.codeur.com\/blog\/wp-content\/uploads\/2022\/12\/creer-page-facebook-association-3-60x38.webp 60w, https:\/\/www.codeur.com\/blog\/wp-content\/uploads\/2022\/12\/creer-page-facebook-association-3-370x237.webp 370w, https:\/\/www.codeur.com\/blog\/wp-content\/uploads\/2022\/12\/creer-page-facebook-association-3-270x173.webp 270w, https:\/\/www.codeur.com\/blog\/wp-content\/uploads\/2022\/12\/creer-page-facebook-association-3-470x300.webp 470w, https:\/\/www.codeur.com\/blog\/wp-content\/uploads\/2022\/12\/creer-page-facebook-association-3-570x365.webp 570w\" sizes=\"(max-width: 700px) 100vw, 700px\" \/><\/figure>\n\n\n\n<h3 class=\"wp-block-heading\">\u00c0 quelle fr\u00e9quence poster du contenu sur la page Facebook d&#8217;une association\u00a0?<\/h3>\n\n\n\n<p>Il n&#8217;existe pas de r\u00e8gle absolue concernant la fr\u00e9quence \u00e0 laquelle vous devez publier du contenu sur la page Facebook de votre association. La fr\u00e9quence id\u00e9ale d\u00e9pend en grande partie du type de contenu que vous publiez (photos, vid\u00e9os ou articles) ainsi que de l&#8217;activit\u00e9 que vous souhaitez ou attendez des internautes sur la page (par exemple, si vous publiez trop souvent, les internautes risquent d&#8217;\u00eatre submerg\u00e9s). D&#8217;une mani\u00e8re g\u00e9n\u00e9rale, il est recommand\u00e9 aux associations de publier 1 \u00e0 2 fois par semaine afin que les internautes restent engag\u00e9s sans se lasser d&#8217;une surcharge de contenu.<\/p>\n\n\n\n<h3 class=\"wp-block-heading\">Comment g\u00e9rer la page Facebook d&#8217;une association \u00e0 plusieurs&nbsp;?<\/h3>\n\n\n\n<p><strong>La gestion de la page Facebook d&#8217;une association<\/strong>, en particulier lorsqu&#8217;elle implique de nombreuses personnes, requiert un ensemble de techniques appropri\u00e9es. Il est important de cr\u00e9er des cat\u00e9gories et d&#8217;attribuer des r\u00f4les sp\u00e9cifiques aux membres. Par exemple, certains membres peuvent publier des actualit\u00e9s, d&#8217;autres peuvent r\u00e9pondre aux questions ou aux commentaires, tandis qu&#8217;un troisi\u00e8me groupe sera responsable de l&#8217;\u00e9dition et de la cr\u00e9ation du contenu. <\/p>\n\n\n\n<p>Assurez-vous \u00e9galement que tous les membres de l&#8217;\u00e9quipe sont d&#8217;accord sur les objectifs de la page et comprennent leur r\u00f4le dans leur r\u00e9alisation. Les photos sont importantes car elles attirent l&#8217;attention des clients potentiels. Ainsi, la publication de photos ou de collections repr\u00e9sentant les int\u00e9r\u00eats de l&#8217;entreprise augmente la visibilit\u00e9 et suscite l&#8217;enthousiasme. Toutefois, n&#8217;oubliez pas de v\u00e9rifier la r\u00e9solution des photos &#8211; g\u00e9n\u00e9ralement autour de 750&#215;750 pixels &#8211; car elles jouent un r\u00f4le majeur en termes de convivialit\u00e9 et de professionnalisme du contenu.<\/p>\n\n\n\n<p>Enfin, confiez \u00e0 une \u00e9quipe professionnelle d\u00e9sign\u00e9e le soin de tout contr\u00f4ler, du fil d&#8217;actualit\u00e9 \u00e0 l&#8217;analyse des donn\u00e9es et aux statistiques d&#8217;interaction avec les clients, afin de garantir une couverture maximale de la soci\u00e9t\u00e9 par le contenu de votre organisation.<\/p>\n\n\n\n<h3 class=\"wp-block-heading\">Les erreurs \u00e0 \u00e9viter sur une page Facebook d&#8217;association<\/h3>\n\n\n\n<p>Disposer d&#8217;une page active sur les m\u00e9dias sociaux peut \u00eatre un atout majeur pour toute association. Toutefois, les associations doivent prendre des pr\u00e9cautions de s\u00e9curit\u00e9 lorsqu&#8217;elles g\u00e8rent leurs pages Facebook &#8211; et \u00e9viter les erreurs commises par de nombreuses entreprises&nbsp;!<\/p>\n\n\n\n<p>Par exemple, il est essentiel de s&#8217;assurer que seuls les membres du bureau de l\u2019association disposent des droits d&#8217;administration de la page&nbsp;: ne donnez pas ces droits \u00e0 d&#8217;autres organisations ou \u00e0 des b\u00e9n\u00e9voles en qui vous n\u2019avez pas toute confiance.<\/p>\n\n\n\n<p>Il est \u00e9galement important de ne pas publier d&#8217;informations sur l&#8217;entreprise \u00e0 partir de votre compte personnel et vice-versa.<\/p>\n\n\n\n<p>Enfin, soyez prudent lorsque vous publiez des \u00e9l\u00e9ments sur le profil de l&#8217;association. V\u00e9rifiez toujours que vous \u00eates connect\u00e9 au compte de votre organisation avant de publier quelque chose &#8211; sinon, tout ce que vous publiez pourrait se retrouver sur votre page personnelle au lieu de celle de l&#8217;association&nbsp;!<\/p>\n\n\n\n<h3 class=\"wp-block-heading\">Comment supprimer la page Facebook de votre association&nbsp;?<\/h3>\n\n\n\n<p>Si vous devez supprimer la page Facebook associ\u00e9e \u00e0 votre organisation ou \u00e0 votre entreprise, c&#8217;est faisable, mais vous devez d&#8217;abord suivre quelques \u00e9tapes.<\/p>\n\n\n\n<p>Tout d&#8217;abord, cliquez sur le bouton &#8220;Param\u00e8tres&#8221; en haut de la page. Vous verrez alors appara\u00eetre plusieurs options pour g\u00e9rer les param\u00e8tres de votre page, comme la modification des informations de la page, le contr\u00f4le des param\u00e8tres de collecte et de cr\u00e9ation de contenu et la gestion des personnes acc\u00e9dant \u00e0 votre page. Vous pouvez \u00e9galement ajuster les param\u00e8tres de visibilit\u00e9 des photos, des informations personnelles et autres.<\/p>\n\n\n\n<p>Une fois que vous avez rempli toutes ces conditions, cliquez sur le bouton &#8220;Supprimer la page&#8221; situ\u00e9 en bas de la page en texte vert. Cela supprimera toutes les informations de fa\u00e7on permanente, alors assurez-vous d&#8217;\u00eatre pr\u00eat avant d&#8217;appuyer sur ce bouton&nbsp;! Le bouton de suppression doit \u00eatre accompagn\u00e9 d&#8217;une option &#8220;Annuler la suppression&#8221;.<\/p>\n\n\n\n<p>Veillez donc \u00e0 ne pas supprimer par erreur et de mani\u00e8re permanente des donn\u00e9es importantes li\u00e9es \u00e0 la pr\u00e9sence en ligne de votre association&nbsp;! Notez que si vous quittez l\u2019association, vous pouvez donner la propri\u00e9t\u00e9 de la page \u00e0 quelqu\u2019un d\u2019autre. Il n\u2019est donc pas obligatoire de supprimer une page Facebook.<\/p>\n\n\n\n<h2 class=\"wp-block-heading\">Notre astuce pour cr\u00e9er la page Facebook de votre association<\/h2>\n\n\n\n<p><strong>Cr\u00e9er une page Facebook pour votre association<\/strong> est un excellent moyen d&#8217;atteindre un public en ligne et de promouvoir votre travail. Cela peut prendre du temps, mais avec une planification minutieuse et une concentration sur un bon contenu, cela sera payant \u00e0 long terme.<\/p>\n\n\n\n<p>Pour vous assurer d\u2019obtenir les meilleurs r\u00e9sultats de votre page Facebook, il est toujours utile d&#8217;envisager de travailler avec un freelance exp\u00e9riment\u00e9 en strat\u00e9gie num\u00e9rique. Il peut vous aider \u00e0 apporter l&#8217;expertise et les id\u00e9es n\u00e9cessaires pour vraiment r\u00e9ussir.<\/p>\n\n\n\n<p>Visitez <a href=\"https:\/\/www.codeur.com\/#open-fast\">Codeur.com<\/a> d\u00e8s aujourd&#8217;hui pour acc\u00e9der au profil de centaines de community managers freelances qui sont disponibles pour travailler avec vous et pour <strong>donner vie \u00e0 la page Facebook de votre association<\/strong>&nbsp;!<\/p>\n","protected":false},"excerpt":{"rendered":"<p>Si vous dirigez une association et que vous n&#8217;avez pas encore cr\u00e9\u00e9 de page Facebook pour elle, qu&#8217;attendez-vous pour passer le cap&nbsp;? Les pages Facebook pour les associations sont un outil incroyablement utile pour faire conna\u00eetre votre cause et pour g\u00e9n\u00e9rer de l\u2019engagement aupr\u00e8s de votre public cible. Sur Codeur.com, de nombreux Community managers freelances [&hellip;]<\/p>\n","protected":false},"author":67,"featured_media":70151,"comment_status":"closed","ping_status":"closed","sticky":false,"template":"","format":"standard","meta":{"_acf_changed":false,"inline_featured_image":false,"footnotes":""},"categories":[149],"tags":[39],"class_list":["post-70150","post","type-post","status-publish","format-standard","has-post-thumbnail","hentry","category-facebook","tag-conseils"],"acf":[],"yoast_head":"<!-- This site is optimized with the Yoast SEO plugin v25.9 - https:\/\/yoast.com\/wordpress\/plugins\/seo\/ -->\n<title>Cr\u00e9er et animer une page Facebook pour une association<\/title>\n<meta name=\"description\" content=\"Si vous dirigez une association et que vous n&#039;avez pas encore cr\u00e9\u00e9 de page Facebook pour elle, qu&#039;attendez-vous pour passer le cap ? Les pages Facebook\" \/>\n<meta name=\"robots\" content=\"index, follow, max-snippet:-1, max-image-preview:large, max-video-preview:-1\" \/>\n<link rel=\"canonical\" href=\"https:\/\/www.codeur.com\/blog\/creer-page-facebook-association\/\" \/>\n<meta property=\"og:locale\" content=\"fr_FR\" \/>\n<meta property=\"og:type\" content=\"article\" \/>\n<meta property=\"og:title\" content=\"Cr\u00e9er et animer une page Facebook pour une association\" \/>\n<meta property=\"og:description\" content=\"Si vous dirigez une association et que vous n&#039;avez pas encore cr\u00e9\u00e9 de page Facebook pour elle, qu&#039;attendez-vous pour passer le cap ? Les pages Facebook\" \/>\n<meta property=\"og:url\" content=\"https:\/\/www.codeur.com\/blog\/creer-page-facebook-association\/\" \/>\n<meta property=\"og:site_name\" content=\"Codeur.com\" \/>\n<meta property=\"article:publisher\" content=\"https:\/\/fr-fr.facebook.com\/codeurfreelance\/\" \/>\n<meta property=\"article:published_time\" content=\"2023-01-17T07:00:00+00:00\" \/>\n<meta property=\"article:modified_time\" content=\"2025-08-26T12:35:12+00:00\" \/>\n<meta property=\"og:image\" content=\"https:\/\/www.codeur.com\/blog\/wp-content\/uploads\/2022\/12\/creer-page-facebook-association.jpg\" \/>\n\t<meta property=\"og:image:width\" content=\"1024\" \/>\n\t<meta property=\"og:image:height\" content=\"618\" \/>\n\t<meta property=\"og:image:type\" content=\"image\/jpeg\" \/>\n<meta name=\"author\" content=\"Aude Marty\" \/>\n<meta name=\"twitter:card\" content=\"summary_large_image\" \/>\n<meta name=\"twitter:creator\" content=\"@codeur\" \/>\n<meta name=\"twitter:site\" content=\"@codeur\" \/>\n<meta name=\"twitter:label1\" content=\"\u00c9crit par\" \/>\n\t<meta name=\"twitter:data1\" content=\"Aude Marty\" \/>\n\t<meta name=\"twitter:label2\" content=\"Dur\u00e9e de lecture estim\u00e9e\" \/>\n\t<meta name=\"twitter:data2\" content=\"11 minutes\" \/>\n<script type=\"application\/ld+json\" class=\"yoast-schema-graph\">{\"@context\":\"https:\/\/schema.org\",\"@graph\":[{\"@type\":\"Article\",\"@id\":\"https:\/\/www.codeur.com\/blog\/creer-page-facebook-association\/#article\",\"isPartOf\":{\"@id\":\"https:\/\/www.codeur.com\/blog\/creer-page-facebook-association\/\"},\"author\":{\"name\":\"Aude Marty\",\"@id\":\"https:\/\/www.codeur.com\/blog\/#\/schema\/person\/110c0feb0ab60432e89d27f5fa2da617\"},\"headline\":\"Cr\u00e9er et animer une page Facebook pour une association\",\"datePublished\":\"2023-01-17T07:00:00+00:00\",\"dateModified\":\"2025-08-26T12:35:12+00:00\",\"mainEntityOfPage\":{\"@id\":\"https:\/\/www.codeur.com\/blog\/creer-page-facebook-association\/\"},\"wordCount\":2229,\"publisher\":{\"@id\":\"https:\/\/www.codeur.com\/blog\/#organization\"},\"image\":{\"@id\":\"https:\/\/www.codeur.com\/blog\/creer-page-facebook-association\/#primaryimage\"},\"thumbnailUrl\":\"https:\/\/www.codeur.com\/blog\/wp-content\/uploads\/2022\/12\/creer-page-facebook-association.jpg\",\"keywords\":[\"Conseils\"],\"articleSection\":[\"Facebook\"],\"inLanguage\":\"fr-FR\"},{\"@type\":\"WebPage\",\"@id\":\"https:\/\/www.codeur.com\/blog\/creer-page-facebook-association\/\",\"url\":\"https:\/\/www.codeur.com\/blog\/creer-page-facebook-association\/\",\"name\":\"Cr\u00e9er et animer une page Facebook pour une association\",\"isPartOf\":{\"@id\":\"https:\/\/www.codeur.com\/blog\/#website\"},\"primaryImageOfPage\":{\"@id\":\"https:\/\/www.codeur.com\/blog\/creer-page-facebook-association\/#primaryimage\"},\"image\":{\"@id\":\"https:\/\/www.codeur.com\/blog\/creer-page-facebook-association\/#primaryimage\"},\"thumbnailUrl\":\"https:\/\/www.codeur.com\/blog\/wp-content\/uploads\/2022\/12\/creer-page-facebook-association.jpg\",\"datePublished\":\"2023-01-17T07:00:00+00:00\",\"dateModified\":\"2025-08-26T12:35:12+00:00\",\"description\":\"Si vous dirigez une association et que vous n'avez pas encore cr\u00e9\u00e9 de page Facebook pour elle, qu'attendez-vous pour passer le cap ? Les pages Facebook\",\"breadcrumb\":{\"@id\":\"https:\/\/www.codeur.com\/blog\/creer-page-facebook-association\/#breadcrumb\"},\"inLanguage\":\"fr-FR\",\"potentialAction\":[{\"@type\":\"ReadAction\",\"target\":[\"https:\/\/www.codeur.com\/blog\/creer-page-facebook-association\/\"]}]},{\"@type\":\"ImageObject\",\"inLanguage\":\"fr-FR\",\"@id\":\"https:\/\/www.codeur.com\/blog\/creer-page-facebook-association\/#primaryimage\",\"url\":\"https:\/\/www.codeur.com\/blog\/wp-content\/uploads\/2022\/12\/creer-page-facebook-association.jpg\",\"contentUrl\":\"https:\/\/www.codeur.com\/blog\/wp-content\/uploads\/2022\/12\/creer-page-facebook-association.jpg\",\"width\":1024,\"height\":618,\"caption\":\"creer-page-facebook-association\"},{\"@type\":\"BreadcrumbList\",\"@id\":\"https:\/\/www.codeur.com\/blog\/creer-page-facebook-association\/#breadcrumb\",\"itemListElement\":[{\"@type\":\"ListItem\",\"position\":1,\"name\":\"Blog\",\"item\":\"https:\/\/www.codeur.com\/blog\/\"},{\"@type\":\"ListItem\",\"position\":2,\"name\":\"Marketing\",\"item\":\"https:\/\/www.codeur.com\/blog\/marketing-digital\/\"},{\"@type\":\"ListItem\",\"position\":3,\"name\":\"Social Media\",\"item\":\"https:\/\/www.codeur.com\/blog\/marketing-digital\/social-media\/\"},{\"@type\":\"ListItem\",\"position\":4,\"name\":\"Facebook\",\"item\":\"https:\/\/www.codeur.com\/blog\/marketing-digital\/social-media\/facebook\/\"},{\"@type\":\"ListItem\",\"position\":5,\"name\":\"Cr\u00e9er et animer une page Facebook pour une association\"}]},{\"@type\":\"WebSite\",\"@id\":\"https:\/\/www.codeur.com\/blog\/#website\",\"url\":\"https:\/\/www.codeur.com\/blog\/\",\"name\":\"Codeur.com\",\"description\":\"codeur\",\"publisher\":{\"@id\":\"https:\/\/www.codeur.com\/blog\/#organization\"},\"potentialAction\":[{\"@type\":\"SearchAction\",\"target\":{\"@type\":\"EntryPoint\",\"urlTemplate\":\"https:\/\/www.codeur.com\/blog\/?s={search_term_string}\"},\"query-input\":{\"@type\":\"PropertyValueSpecification\",\"valueRequired\":true,\"valueName\":\"search_term_string\"}}],\"inLanguage\":\"fr-FR\"},{\"@type\":\"Organization\",\"@id\":\"https:\/\/www.codeur.com\/blog\/#organization\",\"name\":\"Codeur.com\",\"url\":\"https:\/\/www.codeur.com\/blog\/\",\"logo\":{\"@type\":\"ImageObject\",\"inLanguage\":\"fr-FR\",\"@id\":\"https:\/\/www.codeur.com\/blog\/#\/schema\/logo\/image\/\",\"url\":\"https:\/\/www.codeur.com\/blog\/wp-content\/uploads\/2022\/04\/logo-codeur-com.png\",\"contentUrl\":\"https:\/\/www.codeur.com\/blog\/wp-content\/uploads\/2022\/04\/logo-codeur-com.png\",\"width\":2560,\"height\":465,\"caption\":\"Codeur.com\"},\"image\":{\"@id\":\"https:\/\/www.codeur.com\/blog\/#\/schema\/logo\/image\/\"},\"sameAs\":[\"https:\/\/fr-fr.facebook.com\/codeurfreelance\/\",\"https:\/\/x.com\/codeur\",\"https:\/\/www.linkedin.com\/company\/codeur\/\",\"https:\/\/www.youtube.com\/channel\/UCgj9ySM9xy3gdL8qBafl9Uw\"]},{\"@type\":\"Person\",\"@id\":\"https:\/\/www.codeur.com\/blog\/#\/schema\/person\/110c0feb0ab60432e89d27f5fa2da617\",\"name\":\"Aude Marty\",\"image\":{\"@type\":\"ImageObject\",\"inLanguage\":\"fr-FR\",\"@id\":\"https:\/\/www.codeur.com\/blog\/#\/schema\/person\/image\/\",\"url\":\"https:\/\/secure.gravatar.com\/avatar\/ae918d51b377a3b9585cfdc38b3d7078fa61c40e14449af59264a7b44e51f153?s=96&d=mm&r=g\",\"contentUrl\":\"https:\/\/secure.gravatar.com\/avatar\/ae918d51b377a3b9585cfdc38b3d7078fa61c40e14449af59264a7b44e51f153?s=96&d=mm&r=g\",\"caption\":\"Aude Marty\"},\"description\":\"V\u00e9ritable touche-\u00e0-tout du web, Aude est toujours au courant des derni\u00e8res nouveaut\u00e9s et des nouveaux outils pour freelances.\",\"sameAs\":[\"https:\/\/www.linkedin.com\/in\/martyaude\/\"],\"url\":\"https:\/\/www.codeur.com\/blog\/author\/aude\/\"}]}<\/script>\n<!-- \/ Yoast SEO plugin. -->","yoast_head_json":{"title":"Cr\u00e9er et animer une page Facebook pour une association","description":"Si vous dirigez une association et que vous n'avez pas encore cr\u00e9\u00e9 de page Facebook pour elle, qu'attendez-vous pour passer le cap ? Les pages Facebook","robots":{"index":"index","follow":"follow","max-snippet":"max-snippet:-1","max-image-preview":"max-image-preview:large","max-video-preview":"max-video-preview:-1"},"canonical":"https:\/\/www.codeur.com\/blog\/creer-page-facebook-association\/","og_locale":"fr_FR","og_type":"article","og_title":"Cr\u00e9er et animer une page Facebook pour une association","og_description":"Si vous dirigez une association et que vous n'avez pas encore cr\u00e9\u00e9 de page Facebook pour elle, qu'attendez-vous pour passer le cap ? Les pages Facebook","og_url":"https:\/\/www.codeur.com\/blog\/creer-page-facebook-association\/","og_site_name":"Codeur.com","article_publisher":"https:\/\/fr-fr.facebook.com\/codeurfreelance\/","article_published_time":"2023-01-17T07:00:00+00:00","article_modified_time":"2025-08-26T12:35:12+00:00","og_image":[{"width":1024,"height":618,"url":"https:\/\/www.codeur.com\/blog\/wp-content\/uploads\/2022\/12\/creer-page-facebook-association.jpg","type":"image\/jpeg"}],"author":"Aude Marty","twitter_card":"summary_large_image","twitter_creator":"@codeur","twitter_site":"@codeur","twitter_misc":{"\u00c9crit par":"Aude Marty","Dur\u00e9e de lecture estim\u00e9e":"11 minutes"},"schema":{"@context":"https:\/\/schema.org","@graph":[{"@type":"Article","@id":"https:\/\/www.codeur.com\/blog\/creer-page-facebook-association\/#article","isPartOf":{"@id":"https:\/\/www.codeur.com\/blog\/creer-page-facebook-association\/"},"author":{"name":"Aude Marty","@id":"https:\/\/www.codeur.com\/blog\/#\/schema\/person\/110c0feb0ab60432e89d27f5fa2da617"},"headline":"Cr\u00e9er et animer une page Facebook pour une association","datePublished":"2023-01-17T07:00:00+00:00","dateModified":"2025-08-26T12:35:12+00:00","mainEntityOfPage":{"@id":"https:\/\/www.codeur.com\/blog\/creer-page-facebook-association\/"},"wordCount":2229,"publisher":{"@id":"https:\/\/www.codeur.com\/blog\/#organization"},"image":{"@id":"https:\/\/www.codeur.com\/blog\/creer-page-facebook-association\/#primaryimage"},"thumbnailUrl":"https:\/\/www.codeur.com\/blog\/wp-content\/uploads\/2022\/12\/creer-page-facebook-association.jpg","keywords":["Conseils"],"articleSection":["Facebook"],"inLanguage":"fr-FR"},{"@type":"WebPage","@id":"https:\/\/www.codeur.com\/blog\/creer-page-facebook-association\/","url":"https:\/\/www.codeur.com\/blog\/creer-page-facebook-association\/","name":"Cr\u00e9er et animer une page Facebook pour une association","isPartOf":{"@id":"https:\/\/www.codeur.com\/blog\/#website"},"primaryImageOfPage":{"@id":"https:\/\/www.codeur.com\/blog\/creer-page-facebook-association\/#primaryimage"},"image":{"@id":"https:\/\/www.codeur.com\/blog\/creer-page-facebook-association\/#primaryimage"},"thumbnailUrl":"https:\/\/www.codeur.com\/blog\/wp-content\/uploads\/2022\/12\/creer-page-facebook-association.jpg","datePublished":"2023-01-17T07:00:00+00:00","dateModified":"2025-08-26T12:35:12+00:00","description":"Si vous dirigez une association et que vous n'avez pas encore cr\u00e9\u00e9 de page Facebook pour elle, qu'attendez-vous pour passer le cap ? Les pages Facebook","breadcrumb":{"@id":"https:\/\/www.codeur.com\/blog\/creer-page-facebook-association\/#breadcrumb"},"inLanguage":"fr-FR","potentialAction":[{"@type":"ReadAction","target":["https:\/\/www.codeur.com\/blog\/creer-page-facebook-association\/"]}]},{"@type":"ImageObject","inLanguage":"fr-FR","@id":"https:\/\/www.codeur.com\/blog\/creer-page-facebook-association\/#primaryimage","url":"https:\/\/www.codeur.com\/blog\/wp-content\/uploads\/2022\/12\/creer-page-facebook-association.jpg","contentUrl":"https:\/\/www.codeur.com\/blog\/wp-content\/uploads\/2022\/12\/creer-page-facebook-association.jpg","width":1024,"height":618,"caption":"creer-page-facebook-association"},{"@type":"BreadcrumbList","@id":"https:\/\/www.codeur.com\/blog\/creer-page-facebook-association\/#breadcrumb","itemListElement":[{"@type":"ListItem","position":1,"name":"Blog","item":"https:\/\/www.codeur.com\/blog\/"},{"@type":"ListItem","position":2,"name":"Marketing","item":"https:\/\/www.codeur.com\/blog\/marketing-digital\/"},{"@type":"ListItem","position":3,"name":"Social Media","item":"https:\/\/www.codeur.com\/blog\/marketing-digital\/social-media\/"},{"@type":"ListItem","position":4,"name":"Facebook","item":"https:\/\/www.codeur.com\/blog\/marketing-digital\/social-media\/facebook\/"},{"@type":"ListItem","position":5,"name":"Cr\u00e9er et animer une page Facebook pour une association"}]},{"@type":"WebSite","@id":"https:\/\/www.codeur.com\/blog\/#website","url":"https:\/\/www.codeur.com\/blog\/","name":"Codeur.com","description":"codeur","publisher":{"@id":"https:\/\/www.codeur.com\/blog\/#organization"},"potentialAction":[{"@type":"SearchAction","target":{"@type":"EntryPoint","urlTemplate":"https:\/\/www.codeur.com\/blog\/?s={search_term_string}"},"query-input":{"@type":"PropertyValueSpecification","valueRequired":true,"valueName":"search_term_string"}}],"inLanguage":"fr-FR"},{"@type":"Organization","@id":"https:\/\/www.codeur.com\/blog\/#organization","name":"Codeur.com","url":"https:\/\/www.codeur.com\/blog\/","logo":{"@type":"ImageObject","inLanguage":"fr-FR","@id":"https:\/\/www.codeur.com\/blog\/#\/schema\/logo\/image\/","url":"https:\/\/www.codeur.com\/blog\/wp-content\/uploads\/2022\/04\/logo-codeur-com.png","contentUrl":"https:\/\/www.codeur.com\/blog\/wp-content\/uploads\/2022\/04\/logo-codeur-com.png","width":2560,"height":465,"caption":"Codeur.com"},"image":{"@id":"https:\/\/www.codeur.com\/blog\/#\/schema\/logo\/image\/"},"sameAs":["https:\/\/fr-fr.facebook.com\/codeurfreelance\/","https:\/\/x.com\/codeur","https:\/\/www.linkedin.com\/company\/codeur\/","https:\/\/www.youtube.com\/channel\/UCgj9ySM9xy3gdL8qBafl9Uw"]},{"@type":"Person","@id":"https:\/\/www.codeur.com\/blog\/#\/schema\/person\/110c0feb0ab60432e89d27f5fa2da617","name":"Aude Marty","image":{"@type":"ImageObject","inLanguage":"fr-FR","@id":"https:\/\/www.codeur.com\/blog\/#\/schema\/person\/image\/","url":"https:\/\/secure.gravatar.com\/avatar\/ae918d51b377a3b9585cfdc38b3d7078fa61c40e14449af59264a7b44e51f153?s=96&d=mm&r=g","contentUrl":"https:\/\/secure.gravatar.com\/avatar\/ae918d51b377a3b9585cfdc38b3d7078fa61c40e14449af59264a7b44e51f153?s=96&d=mm&r=g","caption":"Aude Marty"},"description":"V\u00e9ritable touche-\u00e0-tout du web, Aude est toujours au courant des derni\u00e8res nouveaut\u00e9s et des nouveaux outils pour freelances.","sameAs":["https:\/\/www.linkedin.com\/in\/martyaude\/"],"url":"https:\/\/www.codeur.com\/blog\/author\/aude\/"}]}},"_links":{"self":[{"href":"https:\/\/www.codeur.com\/blog\/wp-json\/wp\/v2\/posts\/70150","targetHints":{"allow":["GET"]}}],"collection":[{"href":"https:\/\/www.codeur.com\/blog\/wp-json\/wp\/v2\/posts"}],"about":[{"href":"https:\/\/www.codeur.com\/blog\/wp-json\/wp\/v2\/types\/post"}],"author":[{"embeddable":true,"href":"https:\/\/www.codeur.com\/blog\/wp-json\/wp\/v2\/users\/67"}],"replies":[{"embeddable":true,"href":"https:\/\/www.codeur.com\/blog\/wp-json\/wp\/v2\/comments?post=70150"}],"version-history":[{"count":0,"href":"https:\/\/www.codeur.com\/blog\/wp-json\/wp\/v2\/posts\/70150\/revisions"}],"wp:featuredmedia":[{"embeddable":true,"href":"https:\/\/www.codeur.com\/blog\/wp-json\/wp\/v2\/media\/70151"}],"wp:attachment":[{"href":"https:\/\/www.codeur.com\/blog\/wp-json\/wp\/v2\/media?parent=70150"}],"wp:term":[{"taxonomy":"category","embeddable":true,"href":"https:\/\/www.codeur.com\/blog\/wp-json\/wp\/v2\/categories?post=70150"},{"taxonomy":"post_tag","embeddable":true,"href":"https:\/\/www.codeur.com\/blog\/wp-json\/wp\/v2\/tags?post=70150"}],"curies":[{"name":"wp","href":"https:\/\/api.w.org\/{rel}","templated":true}]}}