{"id":43161,"date":"2026-01-20T09:30:00","date_gmt":"2026-01-20T08:30:00","guid":{"rendered":"https:\/\/www.codeur.com\/blog\/?p=43161"},"modified":"2026-01-20T09:30:01","modified_gmt":"2026-01-20T08:30:01","slug":"creer-calendrier-editorial-social-media","status":"publish","type":"post","link":"https:\/\/www.codeur.com\/blog\/creer-calendrier-editorial-social-media\/","title":{"rendered":"Cr\u00e9er son calendrier \u00e9ditorial social media en 2026"},"content":{"rendered":"\n<p>La port\u00e9e organique baisse, les formats se multiplient, les \u00e9quipes sont sous pression et l&#8217;IA vient, en plus de tout cela, changer la fa\u00e7on de produire du contenu. En 2026, publier &#8220;pour \u00eatre pr\u00e9sent&#8221; ne suffit plus et il vous faut une vraie strat\u00e9gie pour votre <strong>calendrier \u00e9ditorial social media<\/strong>.<\/p>\n\n\n\n<p>Ce planning n&#8217;est pas l\u00e0 pour remplir des cases&nbsp;: il sert \u00e0 prioriser, produire mieux et g\u00e9n\u00e9rer des r\u00e9sultats concrets (engagement qualifi\u00e9, trafic, leads, ventes).<\/p>\n\n\n\n<p>Voici les \u00e9tapes cl\u00e9s pour cr\u00e9er un calendrier social m\u00e9dia r\u00e9ellement efficace en 2026, en conservant vos bonnes pratiques et en \u00e9liminant celles qui ne fonctionnent plus.<\/p>\n\n\n\n<h2 class=\"wp-block-heading\">1. Auditer vos r\u00e9seaux sociaux<\/h2>\n\n\n\n<p>Avant de planifier quoi que ce soit, vous devez savoir o\u00f9 vous \u00eates r\u00e9ellement performant, et o\u00f9 vous perdez du temps.<\/p>\n\n\n\n<h3 class=\"wp-block-heading\">Analysez votre audience <\/h3>\n\n\n\n<ul class=\"wp-block-list\">\n<li>O\u00f9 votre cible est-elle active, pas seulement pr\u00e9sente&nbsp;?<\/li>\n\n\n\n<li>Sur quels r\u00e9seaux interagit-elle vraiment&nbsp;? (commentaires, messages, clics)<\/li>\n<\/ul>\n\n\n\n<p>En 2026, mieux vaut deux r\u00e9seaux bien exploit\u00e9s que cinq comptes fant\u00f4mes.<\/p>\n\n\n\n<h3 class=\"wp-block-heading\">Analysez la croissance <\/h3>\n\n\n\n<p>Une croissance rapide n&#8217;est jamais anodine, alors posez-vous les bonnes questions&nbsp;:<\/p>\n\n\n\n<ul class=\"wp-block-list\">\n<li>Quels formats ont d\u00e9clench\u00e9 cette croissance&nbsp;? Vid\u00e9o courte, carrousel, t\u00e9moignane, UGC&#8230;<\/li>\n\n\n\n<li>Etait-ce li\u00e9 \u00e0 une actualit\u00e9, une campagne sponsoris\u00e9e ou une tendance&nbsp;?<\/li>\n<\/ul>\n\n\n\n<p>L&#8217;objectif, c&#8217;est d&#8217;identifier ce qui est reproductible, pas ce qui rel\u00e8ve d&#8217;un coup de chance.<\/p>\n\n\n\n<h3 class=\"wp-block-heading\">Analysez le trafic et l&#8217;engagement<\/h3>\n\n\n\n<p>Ce ne sont pas les likes sur les r\u00e9seaux sociaux qui vont payer vos factures. Vous devez donc analyser&nbsp;:<\/p>\n\n\n\n<ul class=\"wp-block-list\">\n<li>Quels r\u00e9seaux g\u00e9n\u00e8rent du trafic qualifi\u00e9 vers votre site&nbsp;?<\/li>\n\n\n\n<li>O\u00f9 obtenez-vous des inscriptions des demandes de devis, des t\u00e9l\u00e9chargements&nbsp;?<\/li>\n<\/ul>\n\n\n\n<p>Attention, prenez bien en compte que si vous ne redirigez pas vos abonn\u00e9s vers vos <a href=\"https:\/\/www.codeur.com\/blog\/outils-creation-landing-page\/\">landing pages<\/a> ou <a href=\"https:\/\/www.codeur.com\/blog\/optimiser-seo-fiches-produits\/\">fiches produits<\/a>. il ne peut y avoir de conversions, m\u00eame si votre engagement est \u00e9lev\u00e9.<\/p>\n\n\n\n<p>Si un r\u00e9seau n&#8217;apporte ni visibilit\u00e9 strat\u00e9gique, ni conversion, il doit \u00eatre remis en question.<\/p>\n\n\n\n<h2 class=\"wp-block-heading\">2. <b>Choisir les r\u00e9seaux sociaux \u00e0 exploiter (et ceux \u00e0 abandonner)<\/b><\/h2>\n\n\n\n<p>En 2026, vouloir \u00eatre pr\u00e9sent sur tous les r\u00e9seaux en m\u00eame temps, sans strat\u00e9gie claire ni contenus adapt\u00e9s, est une erreur.<\/p>\n\n\n\n<p>Maintenant que vous connaissez vos forces et vos faiblesses sur chaque r\u00e9seau, il est temps de d\u00e9cider o\u00f9 concentrer vos efforts. Pour chaque plateforme, posez-vous ces trois questions&nbsp;:<\/p>\n\n\n\n<ul class=\"wp-block-list\">\n<li>Ma cible y est-elle r\u00e9ellement&nbsp;? (profil d\u00e9mographique et habitudes)<\/li>\n\n\n\n<li>Quels usages dominent&nbsp;? (d\u00e9couverte, inspiration, expertise, divertissement)<\/li>\n\n\n\n<li>Quels formats fonctionnent le mieux et sont compatibles avec mes ressources&nbsp;? (vid\u00e9os, carrousels, stories, UGC\u2026)<\/li>\n<\/ul>\n\n\n\n<p>R\u00e8gle cl\u00e9&nbsp;: chaque plateforme doit servir un objectif pr\u00e9cis. Si ce n\u2019est pas le cas, elle n\u2019a pas sa place dans votre calendrier \u00e9ditorial.<\/p>\n\n\n\n<blockquote class=\"wp-block-quote is-layout-flow wp-block-quote-is-layout-flow\">\n<p><strong>\u00c0 lire aussi<\/strong>&nbsp;: <a href=\"https:\/\/www.codeur.com\/blog\/plan-marketing\/\">Comment cr\u00e9er son plan marketing de l&#8217;ann\u00e9e&nbsp;?<\/a><\/p>\n<\/blockquote>\n\n\n\n<h2 class=\"wp-block-heading\">3. <b>Calendrier social media&nbsp;: D\u00e9finir les types de contenus \u00e0 produire<\/b><\/h2>\n\n\n\n<p>Le format seul ne suffit pas&nbsp;: il doit \u00eatre adapt\u00e9 \u00e0 chaque plateforme et \u00e0 votre audience. Chaque contenu doit servir un objectif clair&nbsp;: notori\u00e9t\u00e9, engagement, trafic ou conversion.<\/p>\n\n\n\n<ul class=\"wp-block-list\">\n<li>Analysez ce qui fonctionne sur chaque r\u00e9seau gr\u00e2ce \u00e0 vos analytics&nbsp;: Reels, carrousels, stories, vid\u00e9os courtes, UGC\u2026<\/li>\n\n\n\n<li>Adaptez votre production aux sp\u00e9cificit\u00e9s de chaque plateforme et \u00e0 vos ressources internes. Externalisez \u00e0 des <a href=\"https:\/\/www.codeur.com\/\">freelances<\/a> si n\u00e9cessaire.<\/li>\n<\/ul>\n\n\n\n<blockquote class=\"wp-block-quote is-layout-flow wp-block-quote-is-layout-flow\">\n<p>Vous pouvez aussi utiliser l\u2019IA comme outil d\u2019assistance&nbsp;: elle aide \u00e0 g\u00e9n\u00e9rer des id\u00e9es, proposer des d\u00e9clinaisons de contenus ou tester diff\u00e9rentes accroches. Mais le ton, la coh\u00e9rence et les choix strat\u00e9giques doivent rester humains. L\u2019IA optimise le travail et fait gagner du temps, sans remplacer votre cr\u00e9ativit\u00e9.<\/p>\n<\/blockquote>\n\n\n\n<p>Exemples&nbsp;:<\/p>\n\n\n\n<ul class=\"wp-block-list\">\n<li>LinkedIn&nbsp;: carrousels et posts conversationnels<\/li>\n\n\n\n<li>Instagram&nbsp;: Reels et carrousels p\u00e9dagogiques<\/li>\n\n\n\n<li>TikTok&nbsp;: vid\u00e9os courtes natives, storytelling<\/li>\n\n\n\n<li>X \/ Threads&nbsp;: opinions, veille, discussion<\/li>\n\n\n\n<li>Snapchat&nbsp;: stories et contenus immersifs<\/li>\n<\/ul>\n\n\n\n<p>Identifiez les formats qui d\u00e9clenchent le plus d\u2019engagement ou de conversions et privil\u00e9giez-les pour chaque r\u00e9seau.<\/p>\n\n\n\n<h2 class=\"wp-block-heading\">4. <b>Organiser votre calendrier \u00e9ditorial social media <\/b><\/h2>\n\n\n\n<p>Une fois vos contenus et plateformes d\u00e9finis, il est temps de mettre en place votre calendrier \u00e9ditorial social media. L&#8217;outil peut \u00eatre un tableau Excel, Google Sheets, Trello, Notion ou un CRM adapt\u00e9, selon vos pr\u00e9f\u00e9rences.<\/p>\n\n\n\n<p>Vous devez inclure certaines colonnes essentielles&nbsp;:<\/p>\n\n\n\n<ul class=\"wp-block-list\">\n<li>R\u00e9seau social<\/li>\n\n\n\n<li>Date et heure de publication<\/li>\n\n\n\n<li>Format (publication, story, carrousel&#8230;)<\/li>\n\n\n\n<li>Texte \/ angle<\/li>\n\n\n\n<li>Objectif<\/li>\n\n\n\n<li>Visuel \/ vid\u00e9o<\/li>\n\n\n\n<li>Lien<\/li>\n\n\n\n<li>Statut (\u00e0 produire, \u00e0 valider, \u00e0 programmer, publi\u00e9)<\/li>\n<\/ul>\n\n\n\n<p>Et d&#8217;autres, facultatives&nbsp;:<\/p>\n\n\n\n<ul class=\"wp-block-list\">\n<li>Temps fort marketing (lancement produit, campagne, \u00e9v\u00e9nement, <a href=\"https:\/\/www.codeur.com\/blog\/jeu-concours-reseaux-sociaux\/\">jeu concours<\/a>&#8230;)<\/li>\n\n\n\n<li>Niveau de priorit\u00e9<\/li>\n\n\n\n<li>Responsables<\/li>\n\n\n\n<li>Budget (si applicablenvoie la siute<\/li>\n<\/ul>\n\n\n\n<p>Votre calendrier est un outil de pilotage, pas seulement un planning&nbsp;: il clarifie les r\u00f4les, deadlines et priorit\u00e9s par r\u00e9seau et type de contenu.<\/p>\n\n\n\n<h2 class=\"wp-block-heading\">5. Planifier votre social media marketing pour toute l\u2019ann\u00e9e<\/h2>\n\n\n\n<p><span style=\"font-weight: 400\">Cr\u00e9er le contenu d\u2019une ann\u00e9e enti\u00e8re peut sembler inatteignable, mais il existe des \u00e9v\u00e9nements r\u00e9currents et populaires que vous pouvez directement ajouter \u00e0 votre planning \u00e9ditorial&nbsp;:<\/span><\/p>\n\n\n\n<ul class=\"wp-block-list\">\n<li><span style=\"font-weight: 400\">Les vacances scolaires<\/span><\/li>\n\n\n\n<li><span style=\"font-weight: 400\">Les p\u00e9riodes de soldes, Black Friday, Cyber Monday<\/span><\/li>\n\n\n\n<li><span style=\"font-weight: 400\">Le<\/span>s <a href=\"https:\/\/www.codeur.com\/blog\/checklist-lancement-de-produit\/\"><span style=\"font-weight: 400\">lancements de produits<\/span><\/a><span style=\"font-weight: 400\"> ou de fonctionnalit\u00e9s<\/span><\/li>\n\n\n\n<li><span style=\"font-weight: 400\">Les marronniers sur votre secteur d\u2019activit\u00e9&nbsp;: f\u00eates sp\u00e9ciales (No\u00ebl, St-Valentin, f\u00eate des M\u00e8res\u2026), la rentr\u00e9e, la d\u00e9tox de printemps\u2026<\/span><\/li>\n\n\n\n<li><span style=\"font-weight: 400\">Les journ\u00e9es mondiales en rapport avec votre secteur d&#8217;activit\u00e9<\/span><\/li>\n<\/ul>\n\n\n\n<p><span style=\"font-weight: 400\">Certains de ces \u00e9v\u00e9nements peuvent inspirer plusieurs publications simultan\u00e9ment et vous faire gagner du temps.<\/span><\/p>\n\n\n\n<p><span style=\"font-weight: 400\">Pour les contenus plus froids, vous n\u2019\u00eates pas oblig\u00e9 de les r\u00e9diger un an en avance. Un ou deux mois de publications en stock permettent d\u00e9j\u00e0 d\u2019optimiser votre strat\u00e9gie social media.<\/span><\/p>\n\n\n\n<h2 class=\"wp-block-heading\">6. Cr\u00e9er, publier et analyser<\/h2>\n\n\n<div class=\"wp-block-image\">\n<figure class=\"aligncenter\"><img decoding=\"async\" width=\"700\" height=\"416\" src=\"https:\/\/www.codeur.com\/blog\/wp-content\/uploads\/2020\/11\/buffer-publish-dashboard.jpeg\" alt=\"dashboard Buffer\" class=\"wp-image-43162\" srcset=\"https:\/\/www.codeur.com\/blog\/wp-content\/uploads\/2020\/11\/buffer-publish-dashboard.jpeg 700w, https:\/\/www.codeur.com\/blog\/wp-content\/uploads\/2020\/11\/buffer-publish-dashboard-300x178.jpeg 300w, https:\/\/www.codeur.com\/blog\/wp-content\/uploads\/2020\/11\/buffer-publish-dashboard-370x220.jpeg 370w, https:\/\/www.codeur.com\/blog\/wp-content\/uploads\/2020\/11\/buffer-publish-dashboard-270x160.jpeg 270w, https:\/\/www.codeur.com\/blog\/wp-content\/uploads\/2020\/11\/buffer-publish-dashboard-570x339.jpeg 570w\" sizes=\"(max-width: 700px) 100vw, 700px\" \/><\/figure><\/div>\n\n\n<p>Il est temps de transformer vos id\u00e9es en actions concr\u00e8tes. Cette \u00e9tape suit une logique simple&nbsp;: pr\u00e9parer, publier, mesurer et ajuster.<\/p>\n\n\n\n<p>1. Pr\u00e9parer vos contenus<\/p>\n\n\n\n<ul class=\"wp-block-list\">\n<li>R\u00e9digez et cr\u00e9ez vos contenus en fonction des objectifs que vous vous \u00eates fix\u00e9s (engagement, trafic, conversion).<\/li>\n\n\n\n<li>Adaptez chaque contenu au r\u00e9seau concern\u00e9 et au format performant sur cette plateforme.<\/li>\n\n\n\n<li>Veillez \u00e0 ce que chaque publication apporte une valeur r\u00e9elle \u00e0 votre audience.<\/li>\n<\/ul>\n\n\n\n<p>2. Publier efficacement<\/p>\n\n\n\n<ul class=\"wp-block-list\">\n<li>Respectez les horaires et la fr\u00e9quence d\u00e9termin\u00e9s dans votre calendrier.<\/li>\n\n\n\n<li>Assurez-vous que chaque publication passe par le processus pr\u00e9vu&nbsp;: cr\u00e9ation, validation, programmation.<\/li>\n\n\n\n<li>Programmez vos contenus via des outils adapt\u00e9s pour gagner du temps et maintenir la r\u00e9gularit\u00e9.<\/li>\n<\/ul>\n\n\n\n<p>3. Mesurer les r\u00e9sultats<\/p>\n\n\n\n<ul class=\"wp-block-list\">\n<li>Analysez syst\u00e9matiquement&nbsp;: taux d\u2019engagement, clics, trafic vers vos pages strat\u00e9giques et conversions.<\/li>\n\n\n\n<li>Identifiez ce qui fonctionne et ce qui ne fonctionne pas par plateforme et par format.<\/li>\n<\/ul>\n\n\n\n<p>4. Ajuster et optimiser<\/p>\n\n\n\n<p>Votre calendrier \u00e9ditorial est avant tout un outil vivant&nbsp;: adaptez vos contenus, formats et fr\u00e9quences en fonction des r\u00e9sultats. Testez de nouvelles id\u00e9es, supprimez ce qui ne performe pas et optimisez ce qui g\u00e9n\u00e8re le plus de valeur pour votre audience.<\/p>\n\n\n\n<blockquote class=\"wp-block-quote is-layout-flow wp-block-quote-is-layout-flow\">\n<p><strong>\u00c0 lire aussi<\/strong>&nbsp;: <a href=\"https:\/\/www.codeur.com\/blog\/tendances-marketing\/\">Les tendances marketing \u00e0 suivre&nbsp;!<\/a><\/p>\n<\/blockquote>\n\n\n\n<h2 class=\"wp-block-heading\">Calendrier \u00e9ditorial social media&nbsp;: passez \u00e0 l\u2019action en 2026<\/h2>\n\n\n\n<p>Un <strong>calendrier \u00e9ditorial social media<\/strong> n\u2019est pas un simple planning&nbsp;: c\u2019est votre outil strat\u00e9gique pour choisir les bons r\u00e9seaux, adapter vos contenus et mesurer l\u2019impact de chaque publication.<\/p>\n\n\n\n<p>Besoin d\u2019aide pour votre strat\u00e9gie social media&nbsp;? Des freelances experts sont disponibles sur Codeur.com pour la <a href=\"https:\/\/www.codeur.com\/gestion-reseaux-sociaux\">gestion de vos r\u00e9seaux sociaux<\/a>. Publiez vos besoins et recevez rapidement des devis gratuits.<\/p>\n","protected":false},"excerpt":{"rendered":"<p>La port\u00e9e organique baisse, les formats se multiplient, les \u00e9quipes sont sous pression et l&#8217;IA vient, en plus de tout cela, changer la fa\u00e7on de produire du contenu. En 2026, publier &#8220;pour \u00eatre pr\u00e9sent&#8221; ne suffit plus et il vous faut une vraie strat\u00e9gie pour votre calendrier \u00e9ditorial social media. Ce planning n&#8217;est pas l\u00e0 [&hellip;]<\/p>\n","protected":false},"author":71,"featured_media":105588,"comment_status":"open","ping_status":"open","sticky":false,"template":"","format":"standard","meta":{"_acf_changed":false,"inline_featured_image":false,"footnotes":""},"categories":[12],"tags":[39],"class_list":["post-43161","post","type-post","status-publish","format-standard","has-post-thumbnail","hentry","category-social-media","tag-conseils"],"acf":[],"yoast_head":"<!-- This site is optimized with the Yoast SEO plugin v25.9 - https:\/\/yoast.com\/wordpress\/plugins\/seo\/ -->\n<title>Comment cr\u00e9er un calendrier \u00e9ditorial social media ?<\/title>\n<meta name=\"description\" content=\"Voici les \u00e9tapes indispensables pour cr\u00e9er un calendrier \u00e9ditorial social media complet et efficace (audience, plateforme, posts \u00e0 r\u00e9diger)\" \/>\n<meta name=\"robots\" content=\"index, follow, max-snippet:-1, max-image-preview:large, max-video-preview:-1\" \/>\n<link rel=\"canonical\" href=\"https:\/\/www.codeur.com\/blog\/creer-calendrier-editorial-social-media\/\" \/>\n<meta property=\"og:locale\" content=\"fr_FR\" \/>\n<meta property=\"og:type\" content=\"article\" \/>\n<meta property=\"og:title\" content=\"Comment cr\u00e9er un calendrier \u00e9ditorial social media ?\" \/>\n<meta property=\"og:description\" content=\"Voici les \u00e9tapes indispensables pour cr\u00e9er un calendrier \u00e9ditorial social media complet et efficace (audience, plateforme, posts \u00e0 r\u00e9diger)\" \/>\n<meta property=\"og:url\" content=\"https:\/\/www.codeur.com\/blog\/creer-calendrier-editorial-social-media\/\" \/>\n<meta property=\"og:site_name\" content=\"Codeur.com\" \/>\n<meta property=\"article:publisher\" content=\"https:\/\/fr-fr.facebook.com\/codeurfreelance\/\" \/>\n<meta property=\"article:published_time\" content=\"2026-01-20T08:30:00+00:00\" \/>\n<meta property=\"article:modified_time\" content=\"2026-01-20T08:30:01+00:00\" \/>\n<meta property=\"og:image\" content=\"https:\/\/www.codeur.com\/blog\/wp-content\/uploads\/2020\/11\/calendrier-editorial-social-media.jpg\" \/>\n\t<meta property=\"og:image:width\" content=\"1200\" \/>\n\t<meta property=\"og:image:height\" content=\"675\" \/>\n\t<meta property=\"og:image:type\" content=\"image\/jpeg\" \/>\n<meta name=\"author\" content=\"Emeline Rioual\" \/>\n<meta name=\"twitter:card\" content=\"summary_large_image\" \/>\n<meta name=\"twitter:creator\" content=\"@codeur\" \/>\n<meta name=\"twitter:site\" content=\"@codeur\" \/>\n<meta name=\"twitter:label1\" content=\"\u00c9crit par\" \/>\n\t<meta name=\"twitter:data1\" content=\"Emeline Rioual\" \/>\n\t<meta name=\"twitter:label2\" content=\"Dur\u00e9e de lecture estim\u00e9e\" \/>\n\t<meta name=\"twitter:data2\" content=\"6 minutes\" \/>\n<script type=\"application\/ld+json\" class=\"yoast-schema-graph\">{\"@context\":\"https:\/\/schema.org\",\"@graph\":[{\"@type\":\"Article\",\"@id\":\"https:\/\/www.codeur.com\/blog\/creer-calendrier-editorial-social-media\/#article\",\"isPartOf\":{\"@id\":\"https:\/\/www.codeur.com\/blog\/creer-calendrier-editorial-social-media\/\"},\"author\":{\"name\":\"Emeline Rioual\",\"@id\":\"https:\/\/www.codeur.com\/blog\/#\/schema\/person\/afc8dc4f0a8566dd7ed28c7efa71406d\"},\"headline\":\"Cr\u00e9er son calendrier \u00e9ditorial social media en 2026\",\"datePublished\":\"2026-01-20T08:30:00+00:00\",\"dateModified\":\"2026-01-20T08:30:01+00:00\",\"mainEntityOfPage\":{\"@id\":\"https:\/\/www.codeur.com\/blog\/creer-calendrier-editorial-social-media\/\"},\"wordCount\":1234,\"commentCount\":0,\"publisher\":{\"@id\":\"https:\/\/www.codeur.com\/blog\/#organization\"},\"image\":{\"@id\":\"https:\/\/www.codeur.com\/blog\/creer-calendrier-editorial-social-media\/#primaryimage\"},\"thumbnailUrl\":\"https:\/\/www.codeur.com\/blog\/wp-content\/uploads\/2020\/11\/calendrier-editorial-social-media.jpg\",\"keywords\":[\"Conseils\"],\"articleSection\":[\"Social Media\"],\"inLanguage\":\"fr-FR\",\"potentialAction\":[{\"@type\":\"CommentAction\",\"name\":\"Comment\",\"target\":[\"https:\/\/www.codeur.com\/blog\/creer-calendrier-editorial-social-media\/#respond\"]}]},{\"@type\":\"WebPage\",\"@id\":\"https:\/\/www.codeur.com\/blog\/creer-calendrier-editorial-social-media\/\",\"url\":\"https:\/\/www.codeur.com\/blog\/creer-calendrier-editorial-social-media\/\",\"name\":\"Comment cr\u00e9er un calendrier \u00e9ditorial social media ?\",\"isPartOf\":{\"@id\":\"https:\/\/www.codeur.com\/blog\/#website\"},\"primaryImageOfPage\":{\"@id\":\"https:\/\/www.codeur.com\/blog\/creer-calendrier-editorial-social-media\/#primaryimage\"},\"image\":{\"@id\":\"https:\/\/www.codeur.com\/blog\/creer-calendrier-editorial-social-media\/#primaryimage\"},\"thumbnailUrl\":\"https:\/\/www.codeur.com\/blog\/wp-content\/uploads\/2020\/11\/calendrier-editorial-social-media.jpg\",\"datePublished\":\"2026-01-20T08:30:00+00:00\",\"dateModified\":\"2026-01-20T08:30:01+00:00\",\"description\":\"Voici les \u00e9tapes indispensables pour cr\u00e9er un calendrier \u00e9ditorial social media complet et efficace (audience, plateforme, posts \u00e0 r\u00e9diger)\",\"breadcrumb\":{\"@id\":\"https:\/\/www.codeur.com\/blog\/creer-calendrier-editorial-social-media\/#breadcrumb\"},\"inLanguage\":\"fr-FR\",\"potentialAction\":[{\"@type\":\"ReadAction\",\"target\":[\"https:\/\/www.codeur.com\/blog\/creer-calendrier-editorial-social-media\/\"]}]},{\"@type\":\"ImageObject\",\"inLanguage\":\"fr-FR\",\"@id\":\"https:\/\/www.codeur.com\/blog\/creer-calendrier-editorial-social-media\/#primaryimage\",\"url\":\"https:\/\/www.codeur.com\/blog\/wp-content\/uploads\/2020\/11\/calendrier-editorial-social-media.jpg\",\"contentUrl\":\"https:\/\/www.codeur.com\/blog\/wp-content\/uploads\/2020\/11\/calendrier-editorial-social-media.jpg\",\"width\":1200,\"height\":675,\"caption\":\"calendrier \u00e9ditorial social media\"},{\"@type\":\"BreadcrumbList\",\"@id\":\"https:\/\/www.codeur.com\/blog\/creer-calendrier-editorial-social-media\/#breadcrumb\",\"itemListElement\":[{\"@type\":\"ListItem\",\"position\":1,\"name\":\"Blog\",\"item\":\"https:\/\/www.codeur.com\/blog\/\"},{\"@type\":\"ListItem\",\"position\":2,\"name\":\"Marketing\",\"item\":\"https:\/\/www.codeur.com\/blog\/marketing-digital\/\"},{\"@type\":\"ListItem\",\"position\":3,\"name\":\"Social Media\",\"item\":\"https:\/\/www.codeur.com\/blog\/marketing-digital\/social-media\/\"},{\"@type\":\"ListItem\",\"position\":4,\"name\":\"Cr\u00e9er son calendrier \u00e9ditorial social media en 2026\"}]},{\"@type\":\"WebSite\",\"@id\":\"https:\/\/www.codeur.com\/blog\/#website\",\"url\":\"https:\/\/www.codeur.com\/blog\/\",\"name\":\"Codeur.com\",\"description\":\"codeur\",\"publisher\":{\"@id\":\"https:\/\/www.codeur.com\/blog\/#organization\"},\"potentialAction\":[{\"@type\":\"SearchAction\",\"target\":{\"@type\":\"EntryPoint\",\"urlTemplate\":\"https:\/\/www.codeur.com\/blog\/?s={search_term_string}\"},\"query-input\":{\"@type\":\"PropertyValueSpecification\",\"valueRequired\":true,\"valueName\":\"search_term_string\"}}],\"inLanguage\":\"fr-FR\"},{\"@type\":\"Organization\",\"@id\":\"https:\/\/www.codeur.com\/blog\/#organization\",\"name\":\"Codeur.com\",\"url\":\"https:\/\/www.codeur.com\/blog\/\",\"logo\":{\"@type\":\"ImageObject\",\"inLanguage\":\"fr-FR\",\"@id\":\"https:\/\/www.codeur.com\/blog\/#\/schema\/logo\/image\/\",\"url\":\"https:\/\/www.codeur.com\/blog\/wp-content\/uploads\/2022\/04\/logo-codeur-com.png\",\"contentUrl\":\"https:\/\/www.codeur.com\/blog\/wp-content\/uploads\/2022\/04\/logo-codeur-com.png\",\"width\":2560,\"height\":465,\"caption\":\"Codeur.com\"},\"image\":{\"@id\":\"https:\/\/www.codeur.com\/blog\/#\/schema\/logo\/image\/\"},\"sameAs\":[\"https:\/\/fr-fr.facebook.com\/codeurfreelance\/\",\"https:\/\/x.com\/codeur\",\"https:\/\/www.linkedin.com\/company\/codeur\/\",\"https:\/\/www.youtube.com\/channel\/UCgj9ySM9xy3gdL8qBafl9Uw\"]},{\"@type\":\"Person\",\"@id\":\"https:\/\/www.codeur.com\/blog\/#\/schema\/person\/afc8dc4f0a8566dd7ed28c7efa71406d\",\"name\":\"Emeline Rioual\",\"image\":{\"@type\":\"ImageObject\",\"inLanguage\":\"fr-FR\",\"@id\":\"https:\/\/www.codeur.com\/blog\/#\/schema\/person\/image\/\",\"url\":\"https:\/\/secure.gravatar.com\/avatar\/d26e747d4673ae9e3e08b99fa024f2a5c41d40b20d801e93851d9b5d6c20685f?s=96&d=mm&r=g\",\"contentUrl\":\"https:\/\/secure.gravatar.com\/avatar\/d26e747d4673ae9e3e08b99fa024f2a5c41d40b20d801e93851d9b5d6c20685f?s=96&d=mm&r=g\",\"caption\":\"Emeline Rioual\"},\"description\":\"La r\u00e9daction web et le personal branding sont mes deux passions, encore plus dans le secteur de la Tech !\",\"sameAs\":[\"https:\/\/www.linkedin.com\/in\/emeline-rioual\/\"],\"url\":\"https:\/\/www.codeur.com\/blog\/author\/emeline\/\"}]}<\/script>\n<!-- \/ Yoast SEO plugin. -->","yoast_head_json":{"title":"Comment cr\u00e9er un calendrier \u00e9ditorial social media ?","description":"Voici les \u00e9tapes indispensables pour cr\u00e9er un calendrier \u00e9ditorial social media complet et efficace (audience, plateforme, posts \u00e0 r\u00e9diger)","robots":{"index":"index","follow":"follow","max-snippet":"max-snippet:-1","max-image-preview":"max-image-preview:large","max-video-preview":"max-video-preview:-1"},"canonical":"https:\/\/www.codeur.com\/blog\/creer-calendrier-editorial-social-media\/","og_locale":"fr_FR","og_type":"article","og_title":"Comment cr\u00e9er un calendrier \u00e9ditorial social media ?","og_description":"Voici les \u00e9tapes indispensables pour cr\u00e9er un calendrier \u00e9ditorial social media complet et efficace (audience, plateforme, posts \u00e0 r\u00e9diger)","og_url":"https:\/\/www.codeur.com\/blog\/creer-calendrier-editorial-social-media\/","og_site_name":"Codeur.com","article_publisher":"https:\/\/fr-fr.facebook.com\/codeurfreelance\/","article_published_time":"2026-01-20T08:30:00+00:00","article_modified_time":"2026-01-20T08:30:01+00:00","og_image":[{"width":1200,"height":675,"url":"https:\/\/www.codeur.com\/blog\/wp-content\/uploads\/2020\/11\/calendrier-editorial-social-media.jpg","type":"image\/jpeg"}],"author":"Emeline Rioual","twitter_card":"summary_large_image","twitter_creator":"@codeur","twitter_site":"@codeur","twitter_misc":{"\u00c9crit par":"Emeline Rioual","Dur\u00e9e de lecture estim\u00e9e":"6 minutes"},"schema":{"@context":"https:\/\/schema.org","@graph":[{"@type":"Article","@id":"https:\/\/www.codeur.com\/blog\/creer-calendrier-editorial-social-media\/#article","isPartOf":{"@id":"https:\/\/www.codeur.com\/blog\/creer-calendrier-editorial-social-media\/"},"author":{"name":"Emeline Rioual","@id":"https:\/\/www.codeur.com\/blog\/#\/schema\/person\/afc8dc4f0a8566dd7ed28c7efa71406d"},"headline":"Cr\u00e9er son calendrier \u00e9ditorial social media en 2026","datePublished":"2026-01-20T08:30:00+00:00","dateModified":"2026-01-20T08:30:01+00:00","mainEntityOfPage":{"@id":"https:\/\/www.codeur.com\/blog\/creer-calendrier-editorial-social-media\/"},"wordCount":1234,"commentCount":0,"publisher":{"@id":"https:\/\/www.codeur.com\/blog\/#organization"},"image":{"@id":"https:\/\/www.codeur.com\/blog\/creer-calendrier-editorial-social-media\/#primaryimage"},"thumbnailUrl":"https:\/\/www.codeur.com\/blog\/wp-content\/uploads\/2020\/11\/calendrier-editorial-social-media.jpg","keywords":["Conseils"],"articleSection":["Social Media"],"inLanguage":"fr-FR","potentialAction":[{"@type":"CommentAction","name":"Comment","target":["https:\/\/www.codeur.com\/blog\/creer-calendrier-editorial-social-media\/#respond"]}]},{"@type":"WebPage","@id":"https:\/\/www.codeur.com\/blog\/creer-calendrier-editorial-social-media\/","url":"https:\/\/www.codeur.com\/blog\/creer-calendrier-editorial-social-media\/","name":"Comment cr\u00e9er un calendrier \u00e9ditorial social media ?","isPartOf":{"@id":"https:\/\/www.codeur.com\/blog\/#website"},"primaryImageOfPage":{"@id":"https:\/\/www.codeur.com\/blog\/creer-calendrier-editorial-social-media\/#primaryimage"},"image":{"@id":"https:\/\/www.codeur.com\/blog\/creer-calendrier-editorial-social-media\/#primaryimage"},"thumbnailUrl":"https:\/\/www.codeur.com\/blog\/wp-content\/uploads\/2020\/11\/calendrier-editorial-social-media.jpg","datePublished":"2026-01-20T08:30:00+00:00","dateModified":"2026-01-20T08:30:01+00:00","description":"Voici les \u00e9tapes indispensables pour cr\u00e9er un calendrier \u00e9ditorial social media complet et efficace (audience, plateforme, posts \u00e0 r\u00e9diger)","breadcrumb":{"@id":"https:\/\/www.codeur.com\/blog\/creer-calendrier-editorial-social-media\/#breadcrumb"},"inLanguage":"fr-FR","potentialAction":[{"@type":"ReadAction","target":["https:\/\/www.codeur.com\/blog\/creer-calendrier-editorial-social-media\/"]}]},{"@type":"ImageObject","inLanguage":"fr-FR","@id":"https:\/\/www.codeur.com\/blog\/creer-calendrier-editorial-social-media\/#primaryimage","url":"https:\/\/www.codeur.com\/blog\/wp-content\/uploads\/2020\/11\/calendrier-editorial-social-media.jpg","contentUrl":"https:\/\/www.codeur.com\/blog\/wp-content\/uploads\/2020\/11\/calendrier-editorial-social-media.jpg","width":1200,"height":675,"caption":"calendrier \u00e9ditorial social media"},{"@type":"BreadcrumbList","@id":"https:\/\/www.codeur.com\/blog\/creer-calendrier-editorial-social-media\/#breadcrumb","itemListElement":[{"@type":"ListItem","position":1,"name":"Blog","item":"https:\/\/www.codeur.com\/blog\/"},{"@type":"ListItem","position":2,"name":"Marketing","item":"https:\/\/www.codeur.com\/blog\/marketing-digital\/"},{"@type":"ListItem","position":3,"name":"Social Media","item":"https:\/\/www.codeur.com\/blog\/marketing-digital\/social-media\/"},{"@type":"ListItem","position":4,"name":"Cr\u00e9er son calendrier \u00e9ditorial social media en 2026"}]},{"@type":"WebSite","@id":"https:\/\/www.codeur.com\/blog\/#website","url":"https:\/\/www.codeur.com\/blog\/","name":"Codeur.com","description":"codeur","publisher":{"@id":"https:\/\/www.codeur.com\/blog\/#organization"},"potentialAction":[{"@type":"SearchAction","target":{"@type":"EntryPoint","urlTemplate":"https:\/\/www.codeur.com\/blog\/?s={search_term_string}"},"query-input":{"@type":"PropertyValueSpecification","valueRequired":true,"valueName":"search_term_string"}}],"inLanguage":"fr-FR"},{"@type":"Organization","@id":"https:\/\/www.codeur.com\/blog\/#organization","name":"Codeur.com","url":"https:\/\/www.codeur.com\/blog\/","logo":{"@type":"ImageObject","inLanguage":"fr-FR","@id":"https:\/\/www.codeur.com\/blog\/#\/schema\/logo\/image\/","url":"https:\/\/www.codeur.com\/blog\/wp-content\/uploads\/2022\/04\/logo-codeur-com.png","contentUrl":"https:\/\/www.codeur.com\/blog\/wp-content\/uploads\/2022\/04\/logo-codeur-com.png","width":2560,"height":465,"caption":"Codeur.com"},"image":{"@id":"https:\/\/www.codeur.com\/blog\/#\/schema\/logo\/image\/"},"sameAs":["https:\/\/fr-fr.facebook.com\/codeurfreelance\/","https:\/\/x.com\/codeur","https:\/\/www.linkedin.com\/company\/codeur\/","https:\/\/www.youtube.com\/channel\/UCgj9ySM9xy3gdL8qBafl9Uw"]},{"@type":"Person","@id":"https:\/\/www.codeur.com\/blog\/#\/schema\/person\/afc8dc4f0a8566dd7ed28c7efa71406d","name":"Emeline Rioual","image":{"@type":"ImageObject","inLanguage":"fr-FR","@id":"https:\/\/www.codeur.com\/blog\/#\/schema\/person\/image\/","url":"https:\/\/secure.gravatar.com\/avatar\/d26e747d4673ae9e3e08b99fa024f2a5c41d40b20d801e93851d9b5d6c20685f?s=96&d=mm&r=g","contentUrl":"https:\/\/secure.gravatar.com\/avatar\/d26e747d4673ae9e3e08b99fa024f2a5c41d40b20d801e93851d9b5d6c20685f?s=96&d=mm&r=g","caption":"Emeline Rioual"},"description":"La r\u00e9daction web et le personal branding sont mes deux passions, encore plus dans le secteur de la Tech !","sameAs":["https:\/\/www.linkedin.com\/in\/emeline-rioual\/"],"url":"https:\/\/www.codeur.com\/blog\/author\/emeline\/"}]}},"_links":{"self":[{"href":"https:\/\/www.codeur.com\/blog\/wp-json\/wp\/v2\/posts\/43161","targetHints":{"allow":["GET"]}}],"collection":[{"href":"https:\/\/www.codeur.com\/blog\/wp-json\/wp\/v2\/posts"}],"about":[{"href":"https:\/\/www.codeur.com\/blog\/wp-json\/wp\/v2\/types\/post"}],"author":[{"embeddable":true,"href":"https:\/\/www.codeur.com\/blog\/wp-json\/wp\/v2\/users\/71"}],"replies":[{"embeddable":true,"href":"https:\/\/www.codeur.com\/blog\/wp-json\/wp\/v2\/comments?post=43161"}],"version-history":[{"count":0,"href":"https:\/\/www.codeur.com\/blog\/wp-json\/wp\/v2\/posts\/43161\/revisions"}],"wp:featuredmedia":[{"embeddable":true,"href":"https:\/\/www.codeur.com\/blog\/wp-json\/wp\/v2\/media\/105588"}],"wp:attachment":[{"href":"https:\/\/www.codeur.com\/blog\/wp-json\/wp\/v2\/media?parent=43161"}],"wp:term":[{"taxonomy":"category","embeddable":true,"href":"https:\/\/www.codeur.com\/blog\/wp-json\/wp\/v2\/categories?post=43161"},{"taxonomy":"post_tag","embeddable":true,"href":"https:\/\/www.codeur.com\/blog\/wp-json\/wp\/v2\/tags?post=43161"}],"curies":[{"name":"wp","href":"https:\/\/api.w.org\/{rel}","templated":true}]}}