{"id":26227,"date":"2019-07-22T09:00:25","date_gmt":"2019-07-22T07:00:25","guid":{"rendered":"https:\/\/www.codeur.com\/blog\/?p=26227"},"modified":"2025-09-09T17:06:52","modified_gmt":"2025-09-09T15:06:52","slug":"freelance-droits-formation","status":"publish","type":"post","link":"https:\/\/www.codeur.com\/blog\/freelance-droits-formation\/","title":{"rendered":"Freelance&nbsp;: quels sont vos droits \u00e0 la formation&nbsp;?"},"content":{"rendered":"<p>Le droit \u00e0 la formation pour les freelances&nbsp;? Oui vous avez bien entendu. Pourquoi ce privil\u00e8ge serait-il r\u00e9serv\u00e9 aux salari\u00e9s&nbsp;?<\/p>\n<p>Pourtant, peu de freelances sont au courant et encore moins en profitent.<\/p>\n<p>Aujourd&#8217;hui nous vous expliquons quels sont vos droits et quelles d\u00e9marches mener pour en b\u00e9n\u00e9ficier. Pr\u00e9parez-vous \u00e0 <a href=\"https:\/\/www.codeur.com\/blog\/sites-pour-developper-competences\/\" target=\"_blank\" rel=\"noopener noreferrer\">monter en comp\u00e9tences<\/a>.<\/p>\n<h2>Le droit \u00e0 la formation n&#8217;est pas un privil\u00e8ge<\/h2>\n<p>Si vous avez l&#8217;impression que l&#8217;on vous fait une fleur en vous donnant le droit \u00e0 la formation, il n&#8217;en est rien. Vous pouvez en b\u00e9n\u00e9ficier en tant que freelance, tout simplement parce que vous cotisez pour ce droit.<\/p>\n<blockquote><p>\u00c0 chaque fois que vous payez vos charges, un faible pourcentage est revers\u00e9 au FAF (fond d&#8217;assurance pour la formation).<\/p><\/blockquote>\n<p>Concr\u00e8tement, si vous avez pay\u00e9 au moins une fois des charges, c&#8217;est \u00e0 dire si votre chiffre d&#8217;affaire est sup\u00e9rieur \u00e0 z\u00e9ro, vous avez ouvert vos droits \u00e0 la formation.<\/p>\n<h2>Les acronymes \u00e0 ma\u00eetriser<\/h2>\n<p>Avant d&#8217;aller plus avant dans nos explications, quelques pr\u00e9cisions sont \u00e0 apporter sur les acronymes que nous allons employer. Ici nous \u00e9voquerons les termes suivants&nbsp;:<\/p>\n<ul>\n<li><strong>CPF<\/strong>&nbsp;: Compte Personnel de Formation (a remplac\u00e9 le DIF&nbsp;: Droit Individuel \u00e0 la Formation)<\/li>\n<li><strong>CFP<\/strong>&nbsp;: Cotisation \u00e0 la Formation Professionnelle<\/li>\n<li><strong>FAF<\/strong>&nbsp;: Fonds d&#8217;Assurance Formation<\/li>\n<li><strong>Code NAF<\/strong>&nbsp;: Nomenclature d&#8217;Activit\u00e9 Fran\u00e7aise<\/li>\n<\/ul>\n<h2>Quel est le montant de vos droits&nbsp;?<\/h2>\n<p>Vous pourriez penser que votre CA est trop ridicule pour pr\u00e9tendre \u00e0 un quelconque financement, mais en fait, cela n&#8217;a pas grand chose \u00e0 voir.<br \/>\nPlusieurs crit\u00e8res entrent en ligne de compte pour le calcul de vos droits. Parmi eux&nbsp;:<\/p>\n<ul>\n<li>Votre code NAF (les sommes allou\u00e9es d\u00e9pendent selon les activit\u00e9s)<\/li>\n<li>La dur\u00e9e de la formation (un plafonnement est possible)<\/li>\n<li>Une formation dipl\u00f4mante ou non<\/li>\n<li>Etc.<\/li>\n<\/ul>\n<p>Voici n\u00e9anmoins quelques chiffres annonc\u00e9s pour des formations courtes et non dipl\u00f4mantes&nbsp;:<\/p>\n<ul>\n<li><strong>Professions lib\u00e9rales \/ prestations de services<\/strong>&nbsp;: de 1000 \u00e0 1750 \u20ac par an<\/li>\n<li><strong>Activit\u00e9s artisanales<\/strong>&nbsp;: jusqu&#8217;\u00e0 40 \u20ac par heure de formation<\/li>\n<li><strong>Activit\u00e9s commerciales<\/strong>&nbsp;: 1200 \u20ac par an, avec un maximum de 50 \u20ac par heure de formation<\/li>\n<\/ul>\n<h2>Comment faire valoir son droit \u00e0 la formation&nbsp;?<\/h2>\n<p>Selon votre activit\u00e9, vous serez affili\u00e9 \u00e0 un FAF diff\u00e9rent.<\/p>\n<ul>\n<li>Les professions lib\u00e9rales \/ prestataires de services d\u00e9pendent du FIFPL.<\/li>\n<li>Les activit\u00e9s commerciales d\u00e9pendent de l&#8217;AGEFICE.<\/li>\n<li>Les activit\u00e9s li\u00e9es \u00e0 l&#8217;artisanat s&#8217;adresseront aux Chambres de M\u00e9tiers R\u00e9gionales et au FAFCEA.<\/li>\n<\/ul>\n<p>Chaque FAF \u00e9tabli une liste des formations \u00e9ligibles \u00e0 la prise en charge.<\/p>\n<h3>1. Choisir la formation<\/h3>\n<p>La premi\u00e8re \u00e9tape consiste donc \u00e0 s\u00e9lectionner votre formation au sein du catalogue de votre FAF.<\/p>\n<blockquote><p>Attention&nbsp;: Le lien entre la formation et votre code NAF (ou APE) doit \u00eatre clair et justifi\u00e9. La formation doit \u00eatre en relation claire avec votre code APE.<\/p><\/blockquote>\n<p>V\u00e9rifiez bien que le co\u00fbt ne d\u00e9passe pas le montant auquel vous avez le droit. Si c&#8217;est le cas, <strong>la diff\u00e9rence sera \u00e0 payer par vous m\u00eame<\/strong>. Si vous ne connaissez pas le montant auquel vous avez le droit, contactez votre FAF pour vous renseigner.<\/p>\n<h3>2. Soumettre votre dossier \u00e0 la FAF<\/h3>\n<p>Vous devrez ensuite contacter l&#8217;organisme pour transmettre votre demande de financement. Il faudra adresser, \u00e0 votre FAF, plusieurs documents dont votre attestation de droits \u00e0 la formation.<br \/>\nVous devrez \u00e9galement joindre tous les documents relatifs \u00e0 la formation que vous souhaitez effectuer (organisme, dur\u00e9e, dipl\u00f4me ou non, etc.)<\/p>\n<blockquote><p>Les d\u00e9lais de traitement peuvent \u00eatre long. Comptez au minimum <strong>3 mois avant le d\u00e9but de la formation<\/strong> vis\u00e9e pour \u00eatre certain d&#8217;avoir l&#8217;accord de financement.<\/p><\/blockquote>\n<p>Notons tout de m\u00eame que votre droit <strong>ne garantit pas<\/strong> que vous obteniez le feu vert pour financer votre formation. Comme c&#8217;est d&#8217;ailleurs le cas pour les salari\u00e9s. Les budgets allou\u00e9s restent limit\u00e9s. Mais il serait dommage de ne pas tenter votre chance.<br \/>\nEnfin dernier point mais pas des moindres&nbsp;! Sachez que l&#8217;accord de financement ne signifie par versement des fonds. Vous devrez donc <strong>avancer le paiement<\/strong> <strong>de votre formation<\/strong>. Le remboursement s&#8217;effectue ensuite sous 2 \u00e0 4 mois.<\/p>\n<blockquote><p>\u00c0 lire aussi&nbsp;:\u00a0<a href=\"https:\/\/www.codeur.com\/blog\/formations-en-ligne-marketing-digital\/\">13 formations en ligne pour apprendre le marketing digital en 2022<\/a><\/p><\/blockquote>\n<h2>LE CPF pour les freelances<\/h2>\n<p>Depuis le 1er janvier 2018, salari\u00e9s et ind\u00e9pendants b\u00e9n\u00e9ficient du compte professionnel de formation. Tous les b\u00e9n\u00e9ficiaires sont cr\u00e9dit\u00e9s automatiquement de <strong>24 heures de formation par an<\/strong>. Ces heures ne se perdent pas et sont donc utilisables tout au long de votre vie professionnelle.<br \/>\nCe compte est utilisable d\u00e8s la deuxi\u00e8me ann\u00e9e d&#8217;activit\u00e9.<br \/>\nPour b\u00e9n\u00e9ficier des heures acquises, vous devrez prendre contact avec votre FAF. \u00c0 l&#8217;inverse des d\u00e9marches \u00e9voqu\u00e9es pr\u00e9c\u00e9demment, vous n&#8217;aurez <strong>pas besoin d&#8217;avancer les frais<\/strong> lors de l&#8217;utilisation des heures accumul\u00e9es sur votre CPF.<\/p>\n<h2>Mieux se former gr\u00e2ce au portage salarial<\/h2>\n<h3>D\u00e9finition du portage salarial<\/h3>\n<p>Le <a href=\"https:\/\/www.codeur.com\/pages\/portage-salarial\">portage salarial<\/a> est un m\u00e9canisme qui permet d&#8217;assurer au freelance un contrat de travail. Le freelance est ind\u00e9pendant et travail avec son client comme s&#8217;il \u00e9tait freelance, mais en \u00e9change d&#8217;une cotisation, il obtient un statut de salari\u00e9 aupr\u00e8s d&#8217;une soci\u00e9t\u00e9 de portage ce qui lui octroie les m\u00eames droits qu&#8217;un salari\u00e9 traditionnel, comme l&#8217;ouverture de droits au ch\u00f4mage par exemple.<\/p>\n<h3>Formation professionnelle et portage salarial<\/h3>\n<p>En plus de vous permettre de cotiser comme un salari\u00e9 traditionnel, certaines <a href=\"https:\/\/www.codeur.com\/blog\/societes-portage-salarial-france\/\">soci\u00e9t\u00e9s de portage<\/a>, comme ITG, proposent des <a href=\"https:\/\/www.itg.fr\/formations\/introduction.html\">formations pour ses salari\u00e9s port\u00e9s<\/a>. C&#8217;est autant d&#8217;opportunit\u00e9s de se former gratuitement ou \u00e0 moindre co\u00fbt pour d\u00e9velopper vos comp\u00e9tences.<\/p>\n<h3>Portage salarial&nbsp;: simulation de revenus<\/h3>\n<p>Pour savoir quels seraient vos droits en pratiquant votre activit\u00e9 en int\u00e9grant une soci\u00e9t\u00e9 de portage salarial, vous pouvez effectuer une <a href=\"https:\/\/www.itg.fr\/portage-salarial\/simulation-salaire\">simulation de revenus<\/a> gr\u00e2ce au simulateur de portage en ligne d&#8217;ITG.<br \/>\nCela vous permettra de vous projeter pour enfin profiter de la flexibilit\u00e9 d&#8217;une activit\u00e9 en freelance, tout en vous garantissant la s\u00e9curit\u00e9 et la protection sociale du salariat.<\/p>\n<h2>Notre astuce pour vous former<\/h2>\n<p>Vous savez \u00e0 pr\u00e9sent tout sur la formation professionnelle et sur vos droits \u00e0 la formation en tant que freelance&nbsp;!<br \/>\nSi vous cherchez des formations, vous pouvez \u00e9galement <a href=\"https:\/\/www.codeur.com\/\">d\u00e9poser une annonce sur Codeur.com<\/a>, vous y trouverez des professionnels dans tous les domaines et vous pourrez vous former avec eux.<br \/>\nSi vous disposez de comp\u00e9tences uniques, vous pouvez \u00e9galement vous inscrire sur la plateforme en tant que freelance pour vous permettre de trouver des clients&nbsp;!<\/p>\n","protected":false},"excerpt":{"rendered":"<p>Le droit \u00e0 la formation pour les freelances ? Oui vous avez bien entendu. Aujourd&#8217;hui nous vous expliquons quels sont vos droits et quelles d\u00e9marches mener pour en b\u00e9n\u00e9ficier. <\/p>\n","protected":false},"author":5,"featured_media":26230,"comment_status":"open","ping_status":"open","sticky":false,"template":"","format":"standard","meta":{"_acf_changed":false,"inline_featured_image":false,"footnotes":""},"categories":[7],"tags":[39],"class_list":["post-26227","post","type-post","status-publish","format-standard","has-post-thumbnail","hentry","category-freelance","tag-conseils"],"acf":[],"yoast_head":"<!-- This site is optimized with the Yoast SEO plugin v25.9 - https:\/\/yoast.com\/wordpress\/plugins\/seo\/ -->\n<title>Freelance : quels sont vos droits \u00e0 la formation ?<\/title>\n<meta name=\"description\" content=\"Le droit \u00e0 la formation pour les freelances ? Oui vous avez bien entendu. Aujourd&#039;hui nous vous expliquons quels sont vos droits et quelles d\u00e9marches mener pour en b\u00e9n\u00e9ficier.\" \/>\n<meta name=\"robots\" content=\"index, follow, max-snippet:-1, max-image-preview:large, max-video-preview:-1\" \/>\n<link rel=\"canonical\" href=\"https:\/\/www.codeur.com\/blog\/freelance-droits-formation\/\" \/>\n<meta property=\"og:locale\" content=\"fr_FR\" \/>\n<meta property=\"og:type\" content=\"article\" \/>\n<meta property=\"og:title\" content=\"Freelance : quels sont vos droits \u00e0 la formation ?\" \/>\n<meta property=\"og:description\" content=\"Le droit \u00e0 la formation pour les freelances ? Oui vous avez bien entendu. Aujourd&#039;hui nous vous expliquons quels sont vos droits et quelles d\u00e9marches mener pour en b\u00e9n\u00e9ficier.\" \/>\n<meta property=\"og:url\" content=\"https:\/\/www.codeur.com\/blog\/freelance-droits-formation\/\" \/>\n<meta property=\"og:site_name\" content=\"Codeur.com\" \/>\n<meta property=\"article:publisher\" content=\"https:\/\/fr-fr.facebook.com\/codeurfreelance\/\" \/>\n<meta property=\"article:published_time\" content=\"2019-07-22T07:00:25+00:00\" \/>\n<meta property=\"article:modified_time\" content=\"2025-09-09T15:06:52+00:00\" \/>\n<meta property=\"og:image\" content=\"https:\/\/www.codeur.com\/blog\/wp-content\/uploads\/2019\/07\/droits-formation-freelance.jpg\" \/>\n\t<meta property=\"og:image:width\" content=\"1125\" \/>\n\t<meta property=\"og:image:height\" content=\"679\" \/>\n\t<meta property=\"og:image:type\" content=\"image\/jpeg\" \/>\n<meta name=\"author\" content=\"Thomas Lazzaroni\" \/>\n<meta name=\"twitter:card\" content=\"summary_large_image\" \/>\n<meta name=\"twitter:creator\" content=\"@totolazza\" \/>\n<meta name=\"twitter:site\" content=\"@codeur\" \/>\n<meta name=\"twitter:label1\" content=\"\u00c9crit par\" \/>\n\t<meta name=\"twitter:data1\" content=\"Thomas Lazzaroni\" \/>\n\t<meta name=\"twitter:label2\" content=\"Dur\u00e9e de lecture estim\u00e9e\" \/>\n\t<meta name=\"twitter:data2\" content=\"5 minutes\" \/>\n<script type=\"application\/ld+json\" class=\"yoast-schema-graph\">{\"@context\":\"https:\/\/schema.org\",\"@graph\":[{\"@type\":\"Article\",\"@id\":\"https:\/\/www.codeur.com\/blog\/freelance-droits-formation\/#article\",\"isPartOf\":{\"@id\":\"https:\/\/www.codeur.com\/blog\/freelance-droits-formation\/\"},\"author\":{\"name\":\"Thomas Lazzaroni\",\"@id\":\"https:\/\/www.codeur.com\/blog\/#\/schema\/person\/cc3b0a678aeffcae19ecc599eaf679e5\"},\"headline\":\"Freelance&nbsp;: quels sont vos droits \u00e0 la formation&nbsp;?\",\"datePublished\":\"2019-07-22T07:00:25+00:00\",\"dateModified\":\"2025-09-09T15:06:52+00:00\",\"mainEntityOfPage\":{\"@id\":\"https:\/\/www.codeur.com\/blog\/freelance-droits-formation\/\"},\"wordCount\":1102,\"commentCount\":0,\"publisher\":{\"@id\":\"https:\/\/www.codeur.com\/blog\/#organization\"},\"image\":{\"@id\":\"https:\/\/www.codeur.com\/blog\/freelance-droits-formation\/#primaryimage\"},\"thumbnailUrl\":\"https:\/\/www.codeur.com\/blog\/wp-content\/uploads\/2019\/07\/droits-formation-freelance.jpg\",\"keywords\":[\"Conseils\"],\"articleSection\":[\"Freelance\"],\"inLanguage\":\"fr-FR\",\"potentialAction\":[{\"@type\":\"CommentAction\",\"name\":\"Comment\",\"target\":[\"https:\/\/www.codeur.com\/blog\/freelance-droits-formation\/#respond\"]}]},{\"@type\":\"WebPage\",\"@id\":\"https:\/\/www.codeur.com\/blog\/freelance-droits-formation\/\",\"url\":\"https:\/\/www.codeur.com\/blog\/freelance-droits-formation\/\",\"name\":\"Freelance : quels sont vos droits \u00e0 la formation ?\",\"isPartOf\":{\"@id\":\"https:\/\/www.codeur.com\/blog\/#website\"},\"primaryImageOfPage\":{\"@id\":\"https:\/\/www.codeur.com\/blog\/freelance-droits-formation\/#primaryimage\"},\"image\":{\"@id\":\"https:\/\/www.codeur.com\/blog\/freelance-droits-formation\/#primaryimage\"},\"thumbnailUrl\":\"https:\/\/www.codeur.com\/blog\/wp-content\/uploads\/2019\/07\/droits-formation-freelance.jpg\",\"datePublished\":\"2019-07-22T07:00:25+00:00\",\"dateModified\":\"2025-09-09T15:06:52+00:00\",\"description\":\"Le droit \u00e0 la formation pour les freelances ? Oui vous avez bien entendu. Aujourd'hui nous vous expliquons quels sont vos droits et quelles d\u00e9marches mener pour en b\u00e9n\u00e9ficier.\",\"breadcrumb\":{\"@id\":\"https:\/\/www.codeur.com\/blog\/freelance-droits-formation\/#breadcrumb\"},\"inLanguage\":\"fr-FR\",\"potentialAction\":[{\"@type\":\"ReadAction\",\"target\":[\"https:\/\/www.codeur.com\/blog\/freelance-droits-formation\/\"]}]},{\"@type\":\"ImageObject\",\"inLanguage\":\"fr-FR\",\"@id\":\"https:\/\/www.codeur.com\/blog\/freelance-droits-formation\/#primaryimage\",\"url\":\"https:\/\/www.codeur.com\/blog\/wp-content\/uploads\/2019\/07\/droits-formation-freelance.jpg\",\"contentUrl\":\"https:\/\/www.codeur.com\/blog\/wp-content\/uploads\/2019\/07\/droits-formation-freelance.jpg\",\"width\":1125,\"height\":679,\"caption\":\"Droits \u00e0 la formation freelance\"},{\"@type\":\"BreadcrumbList\",\"@id\":\"https:\/\/www.codeur.com\/blog\/freelance-droits-formation\/#breadcrumb\",\"itemListElement\":[{\"@type\":\"ListItem\",\"position\":1,\"name\":\"Blog\",\"item\":\"https:\/\/www.codeur.com\/blog\/\"},{\"@type\":\"ListItem\",\"position\":2,\"name\":\"Business\",\"item\":\"https:\/\/www.codeur.com\/blog\/business\/\"},{\"@type\":\"ListItem\",\"position\":3,\"name\":\"Freelance\",\"item\":\"https:\/\/www.codeur.com\/blog\/business\/freelance\/\"},{\"@type\":\"ListItem\",\"position\":4,\"name\":\"Freelance&nbsp;: quels sont vos droits \u00e0 la formation&nbsp;?\"}]},{\"@type\":\"WebSite\",\"@id\":\"https:\/\/www.codeur.com\/blog\/#website\",\"url\":\"https:\/\/www.codeur.com\/blog\/\",\"name\":\"Codeur.com\",\"description\":\"codeur\",\"publisher\":{\"@id\":\"https:\/\/www.codeur.com\/blog\/#organization\"},\"potentialAction\":[{\"@type\":\"SearchAction\",\"target\":{\"@type\":\"EntryPoint\",\"urlTemplate\":\"https:\/\/www.codeur.com\/blog\/?s={search_term_string}\"},\"query-input\":{\"@type\":\"PropertyValueSpecification\",\"valueRequired\":true,\"valueName\":\"search_term_string\"}}],\"inLanguage\":\"fr-FR\"},{\"@type\":\"Organization\",\"@id\":\"https:\/\/www.codeur.com\/blog\/#organization\",\"name\":\"Codeur.com\",\"url\":\"https:\/\/www.codeur.com\/blog\/\",\"logo\":{\"@type\":\"ImageObject\",\"inLanguage\":\"fr-FR\",\"@id\":\"https:\/\/www.codeur.com\/blog\/#\/schema\/logo\/image\/\",\"url\":\"https:\/\/www.codeur.com\/blog\/wp-content\/uploads\/2022\/04\/logo-codeur-com.png\",\"contentUrl\":\"https:\/\/www.codeur.com\/blog\/wp-content\/uploads\/2022\/04\/logo-codeur-com.png\",\"width\":2560,\"height\":465,\"caption\":\"Codeur.com\"},\"image\":{\"@id\":\"https:\/\/www.codeur.com\/blog\/#\/schema\/logo\/image\/\"},\"sameAs\":[\"https:\/\/fr-fr.facebook.com\/codeurfreelance\/\",\"https:\/\/x.com\/codeur\",\"https:\/\/www.linkedin.com\/company\/codeur\/\",\"https:\/\/www.youtube.com\/channel\/UCgj9ySM9xy3gdL8qBafl9Uw\"]},{\"@type\":\"Person\",\"@id\":\"https:\/\/www.codeur.com\/blog\/#\/schema\/person\/cc3b0a678aeffcae19ecc599eaf679e5\",\"name\":\"Thomas Lazzaroni\",\"image\":{\"@type\":\"ImageObject\",\"inLanguage\":\"fr-FR\",\"@id\":\"https:\/\/www.codeur.com\/blog\/#\/schema\/person\/image\/\",\"url\":\"https:\/\/secure.gravatar.com\/avatar\/7306fb87b7017ab0955d07c2f2b771ac79e91965a2fca514df0c043f7c087fd2?s=96&d=mm&r=g\",\"contentUrl\":\"https:\/\/secure.gravatar.com\/avatar\/7306fb87b7017ab0955d07c2f2b771ac79e91965a2fca514df0c043f7c087fd2?s=96&d=mm&r=g\",\"caption\":\"Thomas Lazzaroni\"},\"description\":\"Depuis plus de 10 ans, je contribue \u00e0 faire rayonner nos sites en imaginant des strat\u00e9gies qui renforcent notre visibilit\u00e9 et notre position de r\u00e9f\u00e9rence.\",\"sameAs\":[\"https:\/\/totolazza.com\",\"https:\/\/www.linkedin.com\/in\/thomaslazzaroni\/\",\"https:\/\/x.com\/totolazza\"],\"url\":\"https:\/\/www.codeur.com\/blog\/author\/thomas\/\"}]}<\/script>\n<!-- \/ Yoast SEO plugin. -->","yoast_head_json":{"title":"Freelance : quels sont vos droits \u00e0 la formation ?","description":"Le droit \u00e0 la formation pour les freelances ? Oui vous avez bien entendu. Aujourd'hui nous vous expliquons quels sont vos droits et quelles d\u00e9marches mener pour en b\u00e9n\u00e9ficier.","robots":{"index":"index","follow":"follow","max-snippet":"max-snippet:-1","max-image-preview":"max-image-preview:large","max-video-preview":"max-video-preview:-1"},"canonical":"https:\/\/www.codeur.com\/blog\/freelance-droits-formation\/","og_locale":"fr_FR","og_type":"article","og_title":"Freelance : quels sont vos droits \u00e0 la formation ?","og_description":"Le droit \u00e0 la formation pour les freelances ? Oui vous avez bien entendu. Aujourd'hui nous vous expliquons quels sont vos droits et quelles d\u00e9marches mener pour en b\u00e9n\u00e9ficier.","og_url":"https:\/\/www.codeur.com\/blog\/freelance-droits-formation\/","og_site_name":"Codeur.com","article_publisher":"https:\/\/fr-fr.facebook.com\/codeurfreelance\/","article_published_time":"2019-07-22T07:00:25+00:00","article_modified_time":"2025-09-09T15:06:52+00:00","og_image":[{"width":1125,"height":679,"url":"https:\/\/www.codeur.com\/blog\/wp-content\/uploads\/2019\/07\/droits-formation-freelance.jpg","type":"image\/jpeg"}],"author":"Thomas Lazzaroni","twitter_card":"summary_large_image","twitter_creator":"@totolazza","twitter_site":"@codeur","twitter_misc":{"\u00c9crit par":"Thomas Lazzaroni","Dur\u00e9e de lecture estim\u00e9e":"5 minutes"},"schema":{"@context":"https:\/\/schema.org","@graph":[{"@type":"Article","@id":"https:\/\/www.codeur.com\/blog\/freelance-droits-formation\/#article","isPartOf":{"@id":"https:\/\/www.codeur.com\/blog\/freelance-droits-formation\/"},"author":{"name":"Thomas Lazzaroni","@id":"https:\/\/www.codeur.com\/blog\/#\/schema\/person\/cc3b0a678aeffcae19ecc599eaf679e5"},"headline":"Freelance&nbsp;: quels sont vos droits \u00e0 la formation&nbsp;?","datePublished":"2019-07-22T07:00:25+00:00","dateModified":"2025-09-09T15:06:52+00:00","mainEntityOfPage":{"@id":"https:\/\/www.codeur.com\/blog\/freelance-droits-formation\/"},"wordCount":1102,"commentCount":0,"publisher":{"@id":"https:\/\/www.codeur.com\/blog\/#organization"},"image":{"@id":"https:\/\/www.codeur.com\/blog\/freelance-droits-formation\/#primaryimage"},"thumbnailUrl":"https:\/\/www.codeur.com\/blog\/wp-content\/uploads\/2019\/07\/droits-formation-freelance.jpg","keywords":["Conseils"],"articleSection":["Freelance"],"inLanguage":"fr-FR","potentialAction":[{"@type":"CommentAction","name":"Comment","target":["https:\/\/www.codeur.com\/blog\/freelance-droits-formation\/#respond"]}]},{"@type":"WebPage","@id":"https:\/\/www.codeur.com\/blog\/freelance-droits-formation\/","url":"https:\/\/www.codeur.com\/blog\/freelance-droits-formation\/","name":"Freelance : quels sont vos droits \u00e0 la formation ?","isPartOf":{"@id":"https:\/\/www.codeur.com\/blog\/#website"},"primaryImageOfPage":{"@id":"https:\/\/www.codeur.com\/blog\/freelance-droits-formation\/#primaryimage"},"image":{"@id":"https:\/\/www.codeur.com\/blog\/freelance-droits-formation\/#primaryimage"},"thumbnailUrl":"https:\/\/www.codeur.com\/blog\/wp-content\/uploads\/2019\/07\/droits-formation-freelance.jpg","datePublished":"2019-07-22T07:00:25+00:00","dateModified":"2025-09-09T15:06:52+00:00","description":"Le droit \u00e0 la formation pour les freelances ? Oui vous avez bien entendu. Aujourd'hui nous vous expliquons quels sont vos droits et quelles d\u00e9marches mener pour en b\u00e9n\u00e9ficier.","breadcrumb":{"@id":"https:\/\/www.codeur.com\/blog\/freelance-droits-formation\/#breadcrumb"},"inLanguage":"fr-FR","potentialAction":[{"@type":"ReadAction","target":["https:\/\/www.codeur.com\/blog\/freelance-droits-formation\/"]}]},{"@type":"ImageObject","inLanguage":"fr-FR","@id":"https:\/\/www.codeur.com\/blog\/freelance-droits-formation\/#primaryimage","url":"https:\/\/www.codeur.com\/blog\/wp-content\/uploads\/2019\/07\/droits-formation-freelance.jpg","contentUrl":"https:\/\/www.codeur.com\/blog\/wp-content\/uploads\/2019\/07\/droits-formation-freelance.jpg","width":1125,"height":679,"caption":"Droits \u00e0 la formation freelance"},{"@type":"BreadcrumbList","@id":"https:\/\/www.codeur.com\/blog\/freelance-droits-formation\/#breadcrumb","itemListElement":[{"@type":"ListItem","position":1,"name":"Blog","item":"https:\/\/www.codeur.com\/blog\/"},{"@type":"ListItem","position":2,"name":"Business","item":"https:\/\/www.codeur.com\/blog\/business\/"},{"@type":"ListItem","position":3,"name":"Freelance","item":"https:\/\/www.codeur.com\/blog\/business\/freelance\/"},{"@type":"ListItem","position":4,"name":"Freelance&nbsp;: quels sont vos droits \u00e0 la formation&nbsp;?"}]},{"@type":"WebSite","@id":"https:\/\/www.codeur.com\/blog\/#website","url":"https:\/\/www.codeur.com\/blog\/","name":"Codeur.com","description":"codeur","publisher":{"@id":"https:\/\/www.codeur.com\/blog\/#organization"},"potentialAction":[{"@type":"SearchAction","target":{"@type":"EntryPoint","urlTemplate":"https:\/\/www.codeur.com\/blog\/?s={search_term_string}"},"query-input":{"@type":"PropertyValueSpecification","valueRequired":true,"valueName":"search_term_string"}}],"inLanguage":"fr-FR"},{"@type":"Organization","@id":"https:\/\/www.codeur.com\/blog\/#organization","name":"Codeur.com","url":"https:\/\/www.codeur.com\/blog\/","logo":{"@type":"ImageObject","inLanguage":"fr-FR","@id":"https:\/\/www.codeur.com\/blog\/#\/schema\/logo\/image\/","url":"https:\/\/www.codeur.com\/blog\/wp-content\/uploads\/2022\/04\/logo-codeur-com.png","contentUrl":"https:\/\/www.codeur.com\/blog\/wp-content\/uploads\/2022\/04\/logo-codeur-com.png","width":2560,"height":465,"caption":"Codeur.com"},"image":{"@id":"https:\/\/www.codeur.com\/blog\/#\/schema\/logo\/image\/"},"sameAs":["https:\/\/fr-fr.facebook.com\/codeurfreelance\/","https:\/\/x.com\/codeur","https:\/\/www.linkedin.com\/company\/codeur\/","https:\/\/www.youtube.com\/channel\/UCgj9ySM9xy3gdL8qBafl9Uw"]},{"@type":"Person","@id":"https:\/\/www.codeur.com\/blog\/#\/schema\/person\/cc3b0a678aeffcae19ecc599eaf679e5","name":"Thomas Lazzaroni","image":{"@type":"ImageObject","inLanguage":"fr-FR","@id":"https:\/\/www.codeur.com\/blog\/#\/schema\/person\/image\/","url":"https:\/\/secure.gravatar.com\/avatar\/7306fb87b7017ab0955d07c2f2b771ac79e91965a2fca514df0c043f7c087fd2?s=96&d=mm&r=g","contentUrl":"https:\/\/secure.gravatar.com\/avatar\/7306fb87b7017ab0955d07c2f2b771ac79e91965a2fca514df0c043f7c087fd2?s=96&d=mm&r=g","caption":"Thomas Lazzaroni"},"description":"Depuis plus de 10 ans, je contribue \u00e0 faire rayonner nos sites en imaginant des strat\u00e9gies qui renforcent notre visibilit\u00e9 et notre position de r\u00e9f\u00e9rence.","sameAs":["https:\/\/totolazza.com","https:\/\/www.linkedin.com\/in\/thomaslazzaroni\/","https:\/\/x.com\/totolazza"],"url":"https:\/\/www.codeur.com\/blog\/author\/thomas\/"}]}},"_links":{"self":[{"href":"https:\/\/www.codeur.com\/blog\/wp-json\/wp\/v2\/posts\/26227","targetHints":{"allow":["GET"]}}],"collection":[{"href":"https:\/\/www.codeur.com\/blog\/wp-json\/wp\/v2\/posts"}],"about":[{"href":"https:\/\/www.codeur.com\/blog\/wp-json\/wp\/v2\/types\/post"}],"author":[{"embeddable":true,"href":"https:\/\/www.codeur.com\/blog\/wp-json\/wp\/v2\/users\/5"}],"replies":[{"embeddable":true,"href":"https:\/\/www.codeur.com\/blog\/wp-json\/wp\/v2\/comments?post=26227"}],"version-history":[{"count":0,"href":"https:\/\/www.codeur.com\/blog\/wp-json\/wp\/v2\/posts\/26227\/revisions"}],"wp:featuredmedia":[{"embeddable":true,"href":"https:\/\/www.codeur.com\/blog\/wp-json\/wp\/v2\/media\/26230"}],"wp:attachment":[{"href":"https:\/\/www.codeur.com\/blog\/wp-json\/wp\/v2\/media?parent=26227"}],"wp:term":[{"taxonomy":"category","embeddable":true,"href":"https:\/\/www.codeur.com\/blog\/wp-json\/wp\/v2\/categories?post=26227"},{"taxonomy":"post_tag","embeddable":true,"href":"https:\/\/www.codeur.com\/blog\/wp-json\/wp\/v2\/tags?post=26227"}],"curies":[{"name":"wp","href":"https:\/\/api.w.org\/{rel}","templated":true}]}}